{"id":5563,"date":"2025-09-23T12:13:15","date_gmt":"2025-09-23T10:13:15","guid":{"rendered":"https:\/\/blog.activetravel.com.tn\/?p=5563"},"modified":"2025-09-23T12:27:54","modified_gmt":"2025-09-23T10:27:54","slug":"mexique-cuba-janvier-2026-un-circuit-entre-histoire-plage-et-culture-caribeenne","status":"publish","type":"post","link":"https:\/\/blog.activetravel.com.tn\/index.php\/2025\/09\/23\/mexique-cuba-janvier-2026-un-circuit-entre-histoire-plage-et-culture-caribeenne\/","title":{"rendered":"Mexique &#038; Cuba \u2013 Janvier 2026  Un circuit entre histoire, plage et culture carib\u00e9enne"},"content":{"rendered":"\t\t<div data-elementor-type=\"wp-post\" data-elementor-id=\"5563\" class=\"elementor elementor-5563\">\n\t\t\t\t\t\t<div class=\"elementor-inner\">\n\t\t\t\t<div class=\"elementor-section-wrap\">\n\t\t\t\t\t\t\t\t\t<section class=\"elementor-section elementor-top-section elementor-element elementor-element-6c067f3 elementor-section-boxed elementor-section-height-default elementor-section-height-default\" data-id=\"6c067f3\" data-element_type=\"section\">\n\t\t\t\t\t\t<div class=\"elementor-container elementor-column-gap-default\">\n\t\t\t\t\t\t\t<div class=\"elementor-row\">\n\t\t\t\t\t<div class=\"elementor-column elementor-col-33 elementor-top-column elementor-element elementor-element-c45079d\" data-id=\"c45079d\" data-element_type=\"column\">\n\t\t\t<div class=\"elementor-column-wrap elementor-element-populated\">\n\t\t\t\t\t\t\t<div class=\"elementor-widget-wrap\">\n\t\t\t\t\t\t<div class=\"elementor-element elementor-element-f81084b elementor-widget elementor-widget-image\" data-id=\"f81084b\" data-element_type=\"widget\" data-widget_type=\"image.default\">\n\t\t\t\t<div class=\"elementor-widget-container\">\n\t\t\t<style>\/*! elementor - v3.16.0 - 13-09-2023 *\/\n.elementor-widget-image{text-align:center}.elementor-widget-image a{display:inline-block}.elementor-widget-image a img[src$=\".svg\"]{width:48px}.elementor-widget-image img{vertical-align:middle;display:inline-block}<\/style>\t\t\t\t\t<div class=\"elementor-image\">\n\t\t\t\t\t\t\t\t\t\t\t\t<img loading=\"lazy\" decoding=\"async\" width=\"860\" height=\"573\" src=\"https:\/\/blog.activetravel.com.tn\/wp-content\/uploads\/2025\/09\/Voyage-Mexique-Cuba3.jpg\" class=\"attachment-large size-large wp-image-5579\" alt=\"\" \/>\t\t\t\t\t\t\t\t\t\t\t\t\t\t<\/div>\n\t\t\t\t\t\t<\/div>\n\t\t\t\t<\/div>\n\t\t\t\t\t\t<\/div>\n\t\t\t\t\t<\/div>\n\t\t<\/div>\n\t\t\t\t<div class=\"elementor-column elementor-col-33 elementor-top-column elementor-element elementor-element-b1cb3b8\" data-id=\"b1cb3b8\" data-element_type=\"column\">\n\t\t\t<div class=\"elementor-column-wrap elementor-element-populated\">\n\t\t\t\t\t\t\t<div class=\"elementor-widget-wrap\">\n\t\t\t\t\t\t<div class=\"elementor-element elementor-element-b0d3be6 elementor-widget elementor-widget-image\" data-id=\"b0d3be6\" data-element_type=\"widget\" data-widget_type=\"image.default\">\n\t\t\t\t<div class=\"elementor-widget-container\">\n\t\t\t\t\t\t\t\t<div class=\"elementor-image\">\n\t\t\t\t\t\t\t\t\t\t\t\t<img loading=\"lazy\" decoding=\"async\" width=\"860\" height=\"573\" src=\"https:\/\/blog.activetravel.com.tn\/wp-content\/uploads\/2025\/09\/Voyage-Mexique-Cuba4.jpg\" class=\"attachment-large size-large wp-image-5581\" alt=\"\" \/>\t\t\t\t\t\t\t\t\t\t\t\t\t\t<\/div>\n\t\t\t\t\t\t<\/div>\n\t\t\t\t<\/div>\n\t\t\t\t\t\t<\/div>\n\t\t\t\t\t<\/div>\n\t\t<\/div>\n\t\t\t\t<div class=\"elementor-column elementor-col-33 elementor-top-column elementor-element elementor-element-c4af76e\" data-id=\"c4af76e\" data-element_type=\"column\">\n\t\t\t<div class=\"elementor-column-wrap elementor-element-populated\">\n\t\t\t\t\t\t\t<div class=\"elementor-widget-wrap\">\n\t\t\t\t\t\t<div class=\"elementor-element elementor-element-3c9a862 elementor-widget elementor-widget-image\" data-id=\"3c9a862\" data-element_type=\"widget\" data-widget_type=\"image.default\">\n\t\t\t\t<div class=\"elementor-widget-container\">\n\t\t\t\t\t\t\t\t<div class=\"elementor-image\">\n\t\t\t\t\t\t\t\t\t\t\t\t<img loading=\"lazy\" decoding=\"async\" width=\"860\" height=\"573\" src=\"https:\/\/blog.activetravel.com.tn\/wp-content\/uploads\/2025\/09\/Voyage-Mexique-Cuba5.jpg\" class=\"attachment-large size-large wp-image-5580\" alt=\"\" \/>\t\t\t\t\t\t\t\t\t\t\t\t\t\t<\/div>\n\t\t\t\t\t\t<\/div>\n\t\t\t\t<\/div>\n\t\t\t\t\t\t<\/div>\n\t\t\t\t\t<\/div>\n\t\t<\/div>\n\t\t\t\t\t\t\t\t<\/div>\n\t\t\t\t\t<\/div>\n\t\t<\/section>\n\t\t\t\t<section class=\"elementor-section elementor-top-section elementor-element elementor-element-07e41e6 elementor-section-boxed elementor-section-height-default elementor-section-height-default\" data-id=\"07e41e6\" data-element_type=\"section\">\n\t\t\t\t\t\t<div class=\"elementor-container elementor-column-gap-default\">\n\t\t\t\t\t\t\t<div class=\"elementor-row\">\n\t\t\t\t\t<div class=\"elementor-column elementor-col-100 elementor-top-column elementor-element elementor-element-3e8bb93\" data-id=\"3e8bb93\" data-element_type=\"column\">\n\t\t\t<div class=\"elementor-column-wrap elementor-element-populated\">\n\t\t\t\t\t\t\t<div class=\"elementor-widget-wrap\">\n\t\t\t\t\t\t<div class=\"elementor-element elementor-element-1d7d698 elementor-widget elementor-widget-text-editor\" data-id=\"1d7d698\" data-element_type=\"widget\" data-widget_type=\"text-editor.default\">\n\t\t\t\t<div class=\"elementor-widget-container\">\n\t\t\t<style>\/*! elementor - v3.16.0 - 13-09-2023 *\/\n.elementor-widget-text-editor.elementor-drop-cap-view-stacked .elementor-drop-cap{background-color:#69727d;color:#fff}.elementor-widget-text-editor.elementor-drop-cap-view-framed .elementor-drop-cap{color:#69727d;border:3px solid;background-color:transparent}.elementor-widget-text-editor:not(.elementor-drop-cap-view-default) .elementor-drop-cap{margin-top:8px}.elementor-widget-text-editor:not(.elementor-drop-cap-view-default) .elementor-drop-cap-letter{width:1em;height:1em}.elementor-widget-text-editor .elementor-drop-cap{float:left;text-align:center;line-height:1;font-size:50px}.elementor-widget-text-editor .elementor-drop-cap-letter{display:inline-block}<\/style>\t\t\t\t\t<div class=\"elementor-text-editor elementor-clearfix\">\n\t\t\t\tVous r\u00eavez d\u2019un <strong><a href=\"https:\/\/activetravel.com.tn\/voyage-organise\/etape1\/Details\/MEXIQUE\/Mexique--Cuba-Janvier-2026?success_redirect_url=wk%2BhwvZogNduEaKpnmLe2uBuLzgnuVcuvzK2CD98i%2FoS45QoI5XHFa90ywG%2B3QikyCdpvS%2Fz%2BcOmdEAvNa3Xwg%3D%3D\">voyage organis\u00e9 au Mexique<\/a><\/strong> qui combine culture mill\u00e9naire, paysages paradisiaques et ambiance carib\u00e9enne ?\n\nEn janvier 2026, partez pour un circuit exceptionnel qui vous conduira de <strong>Mexico City<\/strong> \u00e0 <strong>Playa del Carmen<\/strong>, avant de traverser la mer des Cara\u00efbes pour rejoindre <strong>La Havane<\/strong> \u00e0 Cuba. Un itin\u00e9raire unique qui m\u00eale d\u00e9couverte, d\u00e9tente et immersion dans deux pays fascinants.\t\t\t\t\t<\/div>\n\t\t\t\t\t\t<\/div>\n\t\t\t\t<\/div>\n\t\t\t\t\t\t<\/div>\n\t\t\t\t\t<\/div>\n\t\t<\/div>\n\t\t\t\t\t\t\t\t<\/div>\n\t\t\t\t\t<\/div>\n\t\t<\/section>\n\t\t\t\t<section class=\"elementor-section elementor-top-section elementor-element elementor-element-025a775 elementor-section-boxed elementor-section-height-default elementor-section-height-default\" data-id=\"025a775\" data-element_type=\"section\">\n\t\t\t\t\t\t<div class=\"elementor-container elementor-column-gap-default\">\n\t\t\t\t\t\t\t<div class=\"elementor-row\">\n\t\t\t\t\t<div class=\"elementor-column elementor-col-100 elementor-top-column elementor-element elementor-element-ee8b854\" data-id=\"ee8b854\" data-element_type=\"column\">\n\t\t\t<div class=\"elementor-column-wrap elementor-element-populated\">\n\t\t\t\t\t\t\t<div class=\"elementor-widget-wrap\">\n\t\t\t\t\t\t<div class=\"elementor-element elementor-element-2c57145 elementor-widget elementor-widget-heading\" data-id=\"2c57145\" data-element_type=\"widget\" data-widget_type=\"heading.default\">\n\t\t\t\t<div class=\"elementor-widget-container\">\n\t\t\t<style>\/*! elementor - v3.16.0 - 13-09-2023 *\/\n.elementor-heading-title{padding:0;margin:0;line-height:1}.elementor-widget-heading .elementor-heading-title[class*=elementor-size-]>a{color:inherit;font-size:inherit;line-height:inherit}.elementor-widget-heading .elementor-heading-title.elementor-size-small{font-size:15px}.elementor-widget-heading .elementor-heading-title.elementor-size-medium{font-size:19px}.elementor-widget-heading .elementor-heading-title.elementor-size-large{font-size:29px}.elementor-widget-heading .elementor-heading-title.elementor-size-xl{font-size:39px}.elementor-widget-heading .elementor-heading-title.elementor-size-xxl{font-size:59px}<\/style><h2 class=\"elementor-heading-title elementor-size-default\">Mexico City : c\u0153ur battant du Mexique<\/h2>\t\t<\/div>\n\t\t\t\t<\/div>\n\t\t\t\t\t\t<\/div>\n\t\t\t\t\t<\/div>\n\t\t<\/div>\n\t\t\t\t\t\t\t\t<\/div>\n\t\t\t\t\t<\/div>\n\t\t<\/section>\n\t\t\t\t<section class=\"elementor-section elementor-top-section elementor-element elementor-element-f9c6cc0 elementor-section-boxed elementor-section-height-default elementor-section-height-default\" data-id=\"f9c6cc0\" data-element_type=\"section\">\n\t\t\t\t\t\t<div class=\"elementor-container elementor-column-gap-default\">\n\t\t\t\t\t\t\t<div class=\"elementor-row\">\n\t\t\t\t\t<div class=\"elementor-column elementor-col-100 elementor-top-column elementor-element elementor-element-5221889\" data-id=\"5221889\" data-element_type=\"column\">\n\t\t\t<div class=\"elementor-column-wrap elementor-element-populated\">\n\t\t\t\t\t\t\t<div class=\"elementor-widget-wrap\">\n\t\t\t\t\t\t<div class=\"elementor-element elementor-element-bd22c47 elementor-widget elementor-widget-text-editor\" data-id=\"bd22c47\" data-element_type=\"widget\" data-widget_type=\"text-editor.default\">\n\t\t\t\t<div class=\"elementor-widget-container\">\n\t\t\t\t\t\t\t\t<div class=\"elementor-text-editor elementor-clearfix\">\n\t\t\t\t<p>Impossible d\u2019imaginer un <strong>voyage au Mexique<\/strong> sans commencer par Mexico City, capitale tentaculaire et vibrante. Ici, chaque rue raconte une histoire, entre traditions anciennes et modernit\u00e9 effervescente.<\/p><p>Les incontournables de Mexico City sont nombreux\u00a0:<\/p><ul><li><strong>Le Z\u00f3calo<\/strong>, la plus grande place d\u2019Am\u00e9rique latine, bord\u00e9e par la Cath\u00e9drale M\u00e9tropolitaine et le Palais National.<\/li><li>Le <strong>Mus\u00e9e d\u2019Anthropologie<\/strong>, v\u00e9ritable tr\u00e9sor pour comprendre les civilisations mayas et azt\u00e8ques.<\/li><li>Une excursion \u00e0 <strong>Teotihuac\u00e1n<\/strong>, la \u201ccit\u00e9 des dieux\u201d, avec ses pyramides monumentales du Soleil et de la Lune.<\/li><\/ul><p>En choisissant un <strong>voyage organis\u00e9 au Mexique<\/strong>, vous \u00eates accompagn\u00e9 par des guides experts qui vous permettent de saisir toute la richesse culturelle de cette capitale contrast\u00e9e.<\/p>\t\t\t\t\t<\/div>\n\t\t\t\t\t\t<\/div>\n\t\t\t\t<\/div>\n\t\t\t\t\t\t<\/div>\n\t\t\t\t\t<\/div>\n\t\t<\/div>\n\t\t\t\t\t\t\t\t<\/div>\n\t\t\t\t\t<\/div>\n\t\t<\/section>\n\t\t\t\t<section class=\"elementor-section elementor-top-section elementor-element elementor-element-01b331a elementor-section-boxed elementor-section-height-default elementor-section-height-default\" data-id=\"01b331a\" data-element_type=\"section\">\n\t\t\t\t\t\t<div class=\"elementor-container elementor-column-gap-default\">\n\t\t\t\t\t\t\t<div class=\"elementor-row\">\n\t\t\t\t\t<div class=\"elementor-column elementor-col-100 elementor-top-column elementor-element elementor-element-e7edb0b\" data-id=\"e7edb0b\" data-element_type=\"column\">\n\t\t\t<div class=\"elementor-column-wrap elementor-element-populated\">\n\t\t\t\t\t\t\t<div class=\"elementor-widget-wrap\">\n\t\t\t\t\t\t<div class=\"elementor-element elementor-element-1d6a9d2 elementor-widget elementor-widget-heading\" data-id=\"1d6a9d2\" data-element_type=\"widget\" data-widget_type=\"heading.default\">\n\t\t\t\t<div class=\"elementor-widget-container\">\n\t\t\t<h2 class=\"elementor-heading-title elementor-size-default\">Playa del Carmen : entre farniente et mer turquoise<\/h2>\t\t<\/div>\n\t\t\t\t<\/div>\n\t\t\t\t\t\t<\/div>\n\t\t\t\t\t<\/div>\n\t\t<\/div>\n\t\t\t\t\t\t\t\t<\/div>\n\t\t\t\t\t<\/div>\n\t\t<\/section>\n\t\t\t\t<section class=\"elementor-section elementor-top-section elementor-element elementor-element-98c68ce elementor-section-boxed elementor-section-height-default elementor-section-height-default\" data-id=\"98c68ce\" data-element_type=\"section\">\n\t\t\t\t\t\t<div class=\"elementor-container elementor-column-gap-default\">\n\t\t\t\t\t\t\t<div class=\"elementor-row\">\n\t\t\t\t\t<div class=\"elementor-column elementor-col-100 elementor-top-column elementor-element elementor-element-9907e50\" data-id=\"9907e50\" data-element_type=\"column\">\n\t\t\t<div class=\"elementor-column-wrap elementor-element-populated\">\n\t\t\t\t\t\t\t<div class=\"elementor-widget-wrap\">\n\t\t\t\t\t\t<div class=\"elementor-element elementor-element-c6b9920 elementor-widget elementor-widget-text-editor\" data-id=\"c6b9920\" data-element_type=\"widget\" data-widget_type=\"text-editor.default\">\n\t\t\t\t<div class=\"elementor-widget-container\">\n\t\t\t\t\t\t\t\t<div class=\"elementor-text-editor elementor-clearfix\">\n\t\t\t\t<p>Apr\u00e8s la capitale, cap vers la Riviera Maya. Playa del Carmen est le symbole m\u00eame du r\u00eave carib\u00e9en : sable blanc, palmiers et eau cristalline.<\/p>\t\t\t\t\t<\/div>\n\t\t\t\t\t\t<\/div>\n\t\t\t\t<\/div>\n\t\t\t\t\t\t<\/div>\n\t\t\t\t\t<\/div>\n\t\t<\/div>\n\t\t\t\t\t\t\t\t<\/div>\n\t\t\t\t\t<\/div>\n\t\t<\/section>\n\t\t\t\t<section class=\"elementor-section elementor-top-section elementor-element elementor-element-e9a396b elementor-section-boxed elementor-section-height-default elementor-section-height-default\" data-id=\"e9a396b\" data-element_type=\"section\">\n\t\t\t\t\t\t<div class=\"elementor-container elementor-column-gap-default\">\n\t\t\t\t\t\t\t<div class=\"elementor-row\">\n\t\t\t\t\t<div class=\"elementor-column elementor-col-100 elementor-top-column elementor-element elementor-element-f6b287b\" data-id=\"f6b287b\" data-element_type=\"column\">\n\t\t\t<div class=\"elementor-column-wrap elementor-element-populated\">\n\t\t\t\t\t\t\t<div class=\"elementor-widget-wrap\">\n\t\t\t\t\t\t<div class=\"elementor-element elementor-element-5c6150d elementor-widget elementor-widget-heading\" data-id=\"5c6150d\" data-element_type=\"widget\" data-widget_type=\"heading.default\">\n\t\t\t\t<div class=\"elementor-widget-container\">\n\t\t\t<h3 class=\"elementor-heading-title elementor-size-default\">Que faire \u00e0 Playa del Carmen ?<\/h3>\t\t<\/div>\n\t\t\t\t<\/div>\n\t\t\t\t\t\t<\/div>\n\t\t\t\t\t<\/div>\n\t\t<\/div>\n\t\t\t\t\t\t\t\t<\/div>\n\t\t\t\t\t<\/div>\n\t\t<\/section>\n\t\t\t\t<section class=\"elementor-section elementor-top-section elementor-element elementor-element-8ea1578 elementor-section-boxed elementor-section-height-default elementor-section-height-default\" data-id=\"8ea1578\" data-element_type=\"section\">\n\t\t\t\t\t\t<div class=\"elementor-container elementor-column-gap-default\">\n\t\t\t\t\t\t\t<div class=\"elementor-row\">\n\t\t\t\t\t<div class=\"elementor-column elementor-col-50 elementor-top-column elementor-element elementor-element-d0547db\" data-id=\"d0547db\" data-element_type=\"column\">\n\t\t\t<div class=\"elementor-column-wrap elementor-element-populated\">\n\t\t\t\t\t\t\t<div class=\"elementor-widget-wrap\">\n\t\t\t\t\t\t<div class=\"elementor-element elementor-element-701750b elementor-widget elementor-widget-image\" data-id=\"701750b\" data-element_type=\"widget\" data-widget_type=\"image.default\">\n\t\t\t\t<div class=\"elementor-widget-container\">\n\t\t\t\t\t\t\t\t<div class=\"elementor-image\">\n\t\t\t\t\t\t\t\t\t\t\t\t<img loading=\"lazy\" decoding=\"async\" width=\"860\" height=\"573\" src=\"https:\/\/blog.activetravel.com.tn\/wp-content\/uploads\/2025\/09\/Voyage-Mexique-Cuba6.jpg\" class=\"attachment-large size-large wp-image-5586\" alt=\"\" \/>\t\t\t\t\t\t\t\t\t\t\t\t\t\t<\/div>\n\t\t\t\t\t\t<\/div>\n\t\t\t\t<\/div>\n\t\t\t\t\t\t<\/div>\n\t\t\t\t\t<\/div>\n\t\t<\/div>\n\t\t\t\t<div class=\"elementor-column elementor-col-50 elementor-top-column elementor-element elementor-element-2d54c46\" data-id=\"2d54c46\" data-element_type=\"column\">\n\t\t\t<div class=\"elementor-column-wrap elementor-element-populated\">\n\t\t\t\t\t\t\t<div class=\"elementor-widget-wrap\">\n\t\t\t\t\t\t<div class=\"elementor-element elementor-element-38ac3ff elementor-widget elementor-widget-image\" data-id=\"38ac3ff\" data-element_type=\"widget\" data-widget_type=\"image.default\">\n\t\t\t\t<div class=\"elementor-widget-container\">\n\t\t\t\t\t\t\t\t<div class=\"elementor-image\">\n\t\t\t\t\t\t\t\t\t\t\t\t<img loading=\"lazy\" decoding=\"async\" width=\"860\" height=\"573\" src=\"https:\/\/blog.activetravel.com.tn\/wp-content\/uploads\/2025\/09\/Voyage-Mexique-Cuba2.jpg\" class=\"attachment-large size-large wp-image-5585\" alt=\"\" \/>\t\t\t\t\t\t\t\t\t\t\t\t\t\t<\/div>\n\t\t\t\t\t\t<\/div>\n\t\t\t\t<\/div>\n\t\t\t\t\t\t<\/div>\n\t\t\t\t\t<\/div>\n\t\t<\/div>\n\t\t\t\t\t\t\t\t<\/div>\n\t\t\t\t\t<\/div>\n\t\t<\/section>\n\t\t\t\t<section class=\"elementor-section elementor-top-section elementor-element elementor-element-e241d1d elementor-section-boxed elementor-section-height-default elementor-section-height-default\" data-id=\"e241d1d\" data-element_type=\"section\">\n\t\t\t\t\t\t<div class=\"elementor-container elementor-column-gap-default\">\n\t\t\t\t\t\t\t<div class=\"elementor-row\">\n\t\t\t\t\t<div class=\"elementor-column elementor-col-100 elementor-top-column elementor-element elementor-element-7a2950b\" data-id=\"7a2950b\" data-element_type=\"column\">\n\t\t\t<div class=\"elementor-column-wrap elementor-element-populated\">\n\t\t\t\t\t\t\t<div class=\"elementor-widget-wrap\">\n\t\t\t\t\t\t<div class=\"elementor-element elementor-element-751dafb elementor-widget elementor-widget-text-editor\" data-id=\"751dafb\" data-element_type=\"widget\" data-widget_type=\"text-editor.default\">\n\t\t\t\t<div class=\"elementor-widget-container\">\n\t\t\t\t\t\t\t\t<div class=\"elementor-text-editor elementor-clearfix\">\n\t\t\t\t<p>Une fois sur place, il ne faut pas rater ces embl\u00e9matiques pour compl\u00e9ter votre voyage\u00a0:<\/p><ul><li>Profiter des plages paradisiaques, id\u00e9ales pour la baignade et le repos.<\/li><li>Explorer les myst\u00e9rieux c\u00e9notes, ces piscines naturelles souterraines uniques au monde.<\/li><li>Visiter Tulum, o\u00f9 les ruines mayas se dressent face \u00e0 la mer des Cara\u00efbes.<\/li><li>S\u2019aventurer jusqu\u2019\u00e0 Cozumel, \u00eele r\u00e9put\u00e9e pour ses fonds marins exceptionnels.<\/li><\/ul><p>Ce moment baln\u00e9aire du circuit est l\u2019occasion de souffler, de se ressourcer et de profiter de la douceur de vivre mexicaine.<\/p>\t\t\t\t\t<\/div>\n\t\t\t\t\t\t<\/div>\n\t\t\t\t<\/div>\n\t\t\t\t\t\t<\/div>\n\t\t\t\t\t<\/div>\n\t\t<\/div>\n\t\t\t\t\t\t\t\t<\/div>\n\t\t\t\t\t<\/div>\n\t\t<\/section>\n\t\t\t\t<section class=\"elementor-section elementor-top-section elementor-element elementor-element-3e376ec elementor-section-boxed elementor-section-height-default elementor-section-height-default\" data-id=\"3e376ec\" data-element_type=\"section\">\n\t\t\t\t\t\t<div class=\"elementor-container elementor-column-gap-default\">\n\t\t\t\t\t\t\t<div class=\"elementor-row\">\n\t\t\t\t\t<div class=\"elementor-column elementor-col-100 elementor-top-column elementor-element elementor-element-c921903\" data-id=\"c921903\" data-element_type=\"column\">\n\t\t\t<div class=\"elementor-column-wrap elementor-element-populated\">\n\t\t\t\t\t\t\t<div class=\"elementor-widget-wrap\">\n\t\t\t\t\t\t<div class=\"elementor-element elementor-element-8225cbc elementor-widget elementor-widget-heading\" data-id=\"8225cbc\" data-element_type=\"widget\" data-widget_type=\"heading.default\">\n\t\t\t\t<div class=\"elementor-widget-container\">\n\t\t\t<h2 class=\"elementor-heading-title elementor-size-default\">La Havane : l\u2019\u00e2me de Cuba<\/h2>\t\t<\/div>\n\t\t\t\t<\/div>\n\t\t\t\t\t\t<\/div>\n\t\t\t\t\t<\/div>\n\t\t<\/div>\n\t\t\t\t\t\t\t\t<\/div>\n\t\t\t\t\t<\/div>\n\t\t<\/section>\n\t\t\t\t<section class=\"elementor-section elementor-top-section elementor-element elementor-element-c79e8f2 elementor-section-boxed elementor-section-height-default elementor-section-height-default\" data-id=\"c79e8f2\" data-element_type=\"section\">\n\t\t\t\t\t\t<div class=\"elementor-container elementor-column-gap-default\">\n\t\t\t\t\t\t\t<div class=\"elementor-row\">\n\t\t\t\t\t<div class=\"elementor-column elementor-col-100 elementor-top-column elementor-element elementor-element-de82fb4\" data-id=\"de82fb4\" data-element_type=\"column\">\n\t\t\t<div class=\"elementor-column-wrap elementor-element-populated\">\n\t\t\t\t\t\t\t<div class=\"elementor-widget-wrap\">\n\t\t\t\t\t\t<div class=\"elementor-element elementor-element-a1f7a91 elementor-widget elementor-widget-text-editor\" data-id=\"a1f7a91\" data-element_type=\"widget\" data-widget_type=\"text-editor.default\">\n\t\t\t\t<div class=\"elementor-widget-container\">\n\t\t\t\t\t\t\t\t<div class=\"elementor-text-editor elementor-clearfix\">\n\t\t\t\t<p>Pour la derni\u00e8re \u00e9tape, direction Cuba et sa capitale mythique : <strong>La Havane<\/strong>. Ici, le temps semble s\u2019\u00eatre arr\u00eat\u00e9. Chaque fa\u00e7ade color\u00e9e, chaque voiture am\u00e9ricaine des ann\u00e9es 50, chaque sourire vous plonge dans une ambiance unique au monde.<\/p>\t\t\t\t\t<\/div>\n\t\t\t\t\t\t<\/div>\n\t\t\t\t<\/div>\n\t\t\t\t\t\t<\/div>\n\t\t\t\t\t<\/div>\n\t\t<\/div>\n\t\t\t\t\t\t\t\t<\/div>\n\t\t\t\t\t<\/div>\n\t\t<\/section>\n\t\t\t\t<section class=\"elementor-section elementor-top-section elementor-element elementor-element-a5acd00 elementor-section-boxed elementor-section-height-default elementor-section-height-default\" data-id=\"a5acd00\" data-element_type=\"section\">\n\t\t\t\t\t\t<div class=\"elementor-container elementor-column-gap-default\">\n\t\t\t\t\t\t\t<div class=\"elementor-row\">\n\t\t\t\t\t<div class=\"elementor-column elementor-col-100 elementor-top-column elementor-element elementor-element-3c3688f\" data-id=\"3c3688f\" data-element_type=\"column\">\n\t\t\t<div class=\"elementor-column-wrap elementor-element-populated\">\n\t\t\t\t\t\t\t<div class=\"elementor-widget-wrap\">\n\t\t\t\t\t\t<div class=\"elementor-element elementor-element-4b2507e elementor-widget elementor-widget-heading\" data-id=\"4b2507e\" data-element_type=\"widget\" data-widget_type=\"heading.default\">\n\t\t\t\t<div class=\"elementor-widget-container\">\n\t\t\t<h3 class=\"elementor-heading-title elementor-size-default\">Une immersion cubaine avec un voyage dans le temps assur\u00e9<\/h3>\t\t<\/div>\n\t\t\t\t<\/div>\n\t\t\t\t\t\t<\/div>\n\t\t\t\t\t<\/div>\n\t\t<\/div>\n\t\t\t\t\t\t\t\t<\/div>\n\t\t\t\t\t<\/div>\n\t\t<\/section>\n\t\t\t\t<section class=\"elementor-section elementor-top-section elementor-element elementor-element-1f9071d elementor-section-boxed elementor-section-height-default elementor-section-height-default\" data-id=\"1f9071d\" data-element_type=\"section\">\n\t\t\t\t\t\t<div class=\"elementor-container elementor-column-gap-default\">\n\t\t\t\t\t\t\t<div class=\"elementor-row\">\n\t\t\t\t\t<div class=\"elementor-column elementor-col-100 elementor-top-column elementor-element elementor-element-69f2e49\" data-id=\"69f2e49\" data-element_type=\"column\">\n\t\t\t<div class=\"elementor-column-wrap elementor-element-populated\">\n\t\t\t\t\t\t\t<div class=\"elementor-widget-wrap\">\n\t\t\t\t\t\t<div class=\"elementor-element elementor-element-a889e50 elementor-widget elementor-widget-text-editor\" data-id=\"a889e50\" data-element_type=\"widget\" data-widget_type=\"text-editor.default\">\n\t\t\t\t<div class=\"elementor-widget-container\">\n\t\t\t\t\t\t\t\t<div class=\"elementor-text-editor elementor-clearfix\">\n\t\t\t\t<ul><li>D\u00e9ambulez dans la <strong>Vieille Havane<\/strong>, class\u00e9e au patrimoine mondial de l\u2019UNESCO.<\/li><li>Laissez-vous s\u00e9duire par la musique et la danse, omnipr\u00e9sentes dans les rues et les caf\u00e9s.<\/li><li>D\u00e9couvrez le <strong>Capitole<\/strong>, la Plaza Vieja et les petites ruelles pleines de charme.<\/li><\/ul><p>Cuba, c\u2019est aussi une rencontre avec une population chaleureuse et une culture profond\u00e9ment authentique. Un contraste saisissant qui enrichit ce circuit et en fait une exp\u00e9rience inoubliable.<\/p>\t\t\t\t\t<\/div>\n\t\t\t\t\t\t<\/div>\n\t\t\t\t<\/div>\n\t\t\t\t\t\t<\/div>\n\t\t\t\t\t<\/div>\n\t\t<\/div>\n\t\t\t\t\t\t\t\t<\/div>\n\t\t\t\t\t<\/div>\n\t\t<\/section>\n\t\t\t\t<section class=\"elementor-section elementor-top-section elementor-element elementor-element-a7d0daf elementor-section-boxed elementor-section-height-default elementor-section-height-default\" data-id=\"a7d0daf\" data-element_type=\"section\">\n\t\t\t\t\t\t<div class=\"elementor-container elementor-column-gap-default\">\n\t\t\t\t\t\t\t<div class=\"elementor-row\">\n\t\t\t\t\t<div class=\"elementor-column elementor-col-100 elementor-top-column elementor-element elementor-element-d59d975\" data-id=\"d59d975\" data-element_type=\"column\">\n\t\t\t<div class=\"elementor-column-wrap elementor-element-populated\">\n\t\t\t\t\t\t\t<div class=\"elementor-widget-wrap\">\n\t\t\t\t\t\t<div class=\"elementor-element elementor-element-e8a4502 elementor-widget elementor-widget-heading\" data-id=\"e8a4502\" data-element_type=\"widget\" data-widget_type=\"heading.default\">\n\t\t\t\t<div class=\"elementor-widget-container\">\n\t\t\t<h2 class=\"elementor-heading-title elementor-size-default\">Pourquoi choisir ce voyage organis\u00e9 Mexique & Cuba en janvier 2026 ?<\/h2>\t\t<\/div>\n\t\t\t\t<\/div>\n\t\t\t\t\t\t<\/div>\n\t\t\t\t\t<\/div>\n\t\t<\/div>\n\t\t\t\t\t\t\t\t<\/div>\n\t\t\t\t\t<\/div>\n\t\t<\/section>\n\t\t\t\t<section class=\"elementor-section elementor-top-section elementor-element elementor-element-4fd6e7c elementor-section-boxed elementor-section-height-default elementor-section-height-default\" data-id=\"4fd6e7c\" data-element_type=\"section\">\n\t\t\t\t\t\t<div class=\"elementor-container elementor-column-gap-default\">\n\t\t\t\t\t\t\t<div class=\"elementor-row\">\n\t\t\t\t\t<div class=\"elementor-column elementor-col-100 elementor-top-column elementor-element elementor-element-7acb39e\" data-id=\"7acb39e\" data-element_type=\"column\">\n\t\t\t<div class=\"elementor-column-wrap elementor-element-populated\">\n\t\t\t\t\t\t\t<div class=\"elementor-widget-wrap\">\n\t\t\t\t\t\t<div class=\"elementor-element elementor-element-274f622 elementor-widget elementor-widget-text-editor\" data-id=\"274f622\" data-element_type=\"widget\" data-widget_type=\"text-editor.default\">\n\t\t\t\t<div class=\"elementor-widget-container\">\n\t\t\t\t\t\t\t\t<div class=\"elementor-text-editor elementor-clearfix\">\n\t\t\t\t<ul><li>Un circuit complet et \u00e9quilibr\u00e9 qui m\u00eale culture, nature et d\u00e9tente.<\/li><li>Des guides francophones passionn\u00e9s, qui vous transmettent l\u2019\u00e2me des lieux.<\/li><li>Une organisation sans contrainte : vols, h\u00f4tels et transferts sont pris en charge.<\/li><li>La possibilit\u00e9 de d\u00e9couvrir deux pays compl\u00e9mentaires en un seul voyage.<\/li><\/ul>\t\t\t\t\t<\/div>\n\t\t\t\t\t\t<\/div>\n\t\t\t\t<\/div>\n\t\t\t\t\t\t<\/div>\n\t\t\t\t\t<\/div>\n\t\t<\/div>\n\t\t\t\t\t\t\t\t<\/div>\n\t\t\t\t\t<\/div>\n\t\t<\/section>\n\t\t\t\t<section class=\"elementor-section elementor-top-section elementor-element elementor-element-5985713 elementor-section-boxed elementor-section-height-default elementor-section-height-default\" data-id=\"5985713\" data-element_type=\"section\">\n\t\t\t\t\t\t<div class=\"elementor-container elementor-column-gap-default\">\n\t\t\t\t\t\t\t<div class=\"elementor-row\">\n\t\t\t\t\t<div class=\"elementor-column elementor-col-100 elementor-top-column elementor-element elementor-element-c7c7917\" data-id=\"c7c7917\" data-element_type=\"column\">\n\t\t\t<div class=\"elementor-column-wrap elementor-element-populated\">\n\t\t\t\t\t\t\t<div class=\"elementor-widget-wrap\">\n\t\t\t\t\t\t<div class=\"elementor-element elementor-element-a4b9c31 elementor-widget elementor-widget-heading\" data-id=\"a4b9c31\" data-element_type=\"widget\" data-widget_type=\"heading.default\">\n\t\t\t\t<div class=\"elementor-widget-container\">\n\t\t\t<h2 class=\"elementor-heading-title elementor-size-default\">Conclusion<\/h2>\t\t<\/div>\n\t\t\t\t<\/div>\n\t\t\t\t\t\t<\/div>\n\t\t\t\t\t<\/div>\n\t\t<\/div>\n\t\t\t\t\t\t\t\t<\/div>\n\t\t\t\t\t<\/div>\n\t\t<\/section>\n\t\t\t\t<section class=\"elementor-section elementor-top-section elementor-element elementor-element-54355c8 elementor-section-boxed elementor-section-height-default elementor-section-height-default\" data-id=\"54355c8\" data-element_type=\"section\">\n\t\t\t\t\t\t<div class=\"elementor-container elementor-column-gap-default\">\n\t\t\t\t\t\t\t<div class=\"elementor-row\">\n\t\t\t\t\t<div class=\"elementor-column elementor-col-100 elementor-top-column elementor-element elementor-element-ba46934\" data-id=\"ba46934\" data-element_type=\"column\">\n\t\t\t<div class=\"elementor-column-wrap elementor-element-populated\">\n\t\t\t\t\t\t\t<div class=\"elementor-widget-wrap\">\n\t\t\t\t\t\t<div class=\"elementor-element elementor-element-2a3364f elementor-widget elementor-widget-text-editor\" data-id=\"2a3364f\" data-element_type=\"widget\" data-widget_type=\"text-editor.default\">\n\t\t\t\t<div class=\"elementor-widget-container\">\n\t\t\t\t\t\t\t\t<div class=\"elementor-text-editor elementor-clearfix\">\n\t\t\t\t<p>En janvier 2026, offrez-vous plus qu\u2019un simple voyage : une v\u00e9ritable aventure organis\u00e9e au Mexique et \u00e0 Cuba. De la grandeur de Mexico City \u00e0 la s\u00e9r\u00e9nit\u00e9 de Playa del Carmen, jusqu\u2019\u00e0 l\u2019authenticit\u00e9 de La Havane, ce circuit est une promesse de d\u00e9couvertes, de rencontres et d\u2019\u00e9motions.<\/p><p>Un <strong>voyage au Mexique<\/strong> prolong\u00e9 par une immersion cubaine : voil\u00e0 la combinaison parfaite pour d\u00e9buter l\u2019ann\u00e9e 2026 sous le signe de l\u2019\u00e9vasion\u00a0!<\/p>\t\t\t\t\t<\/div>\n\t\t\t\t\t\t<\/div>\n\t\t\t\t<\/div>\n\t\t\t\t\t\t<\/div>\n\t\t\t\t\t<\/div>\n\t\t<\/div>\n\t\t\t\t\t\t\t\t<\/div>\n\t\t\t\t\t<\/div>\n\t\t<\/section>\n\t\t\t\t\t\t\t\t\t<\/div>\n\t\t\t<\/div>\n\t\t\t\t\t<\/div>\n\t\t","protected":false},"excerpt":{"rendered":"<p>Vous r\u00eavez d\u2019un voyage organis\u00e9 au Mexique qui combine culture mill\u00e9naire, paysages paradisiaques et ambiance carib\u00e9enne ? En janvier 2026, partez pour un circuit exceptionnel qui vous conduira de Mexico City \u00e0 Playa del Carmen, avant de traverser la mer des Cara\u00efbes pour rejoindre La Havane \u00e0 Cuba. Un itin\u00e9raire unique qui m\u00eale d\u00e9couverte, d\u00e9tente [&hellip;]<\/p>\n","protected":false},"author":4,"featured_media":5580,"comment_status":"open","ping_status":"open","sticky":false,"template":"","format":"standard","meta":{"_jetpack_memberships_contains_paid_content":false,"footnotes":""},"categories":[65,62,24,60],"tags":[],"class_list":["post-5563","post","type-post","status-publish","format-standard","has-post-thumbnail","hentry","category-guide-voyage","category-on-a-voyage-pour-vous","category-travel","category-voyage"],"yoast_head":"<!-- This site is optimized with the Yoast SEO plugin v21.1 - https:\/\/yoast.com\/wordpress\/plugins\/seo\/ -->\n<title>Mexique &amp; Cuba \u2013 Janvier 2026 Un circuit entre histoire, plage et culture carib\u00e9enne - Blog activetravel<\/title>\n<meta name=\"robots\" content=\"index, follow, max-snippet:-1, max-image-preview:large, max-video-preview:-1\" \/>\n<link rel=\"canonical\" href=\"https:\/\/blog.activetravel.com.tn\/index.php\/2025\/09\/23\/mexique-cuba-janvier-2026-un-circuit-entre-histoire-plage-et-culture-caribeenne\/\" \/>\n<meta property=\"og:locale\" content=\"fr_FR\" \/>\n<meta property=\"og:type\" content=\"article\" \/>\n<meta property=\"og:title\" content=\"Mexique &amp; Cuba \u2013 Janvier 2026 Un circuit entre histoire, plage et culture carib\u00e9enne - Blog activetravel\" \/>\n<meta property=\"og:description\" content=\"Vous r\u00eavez d\u2019un voyage organis\u00e9 au Mexique qui combine culture mill\u00e9naire, paysages paradisiaques et ambiance carib\u00e9enne ? En janvier 2026, partez pour un circuit exceptionnel qui vous conduira de Mexico City \u00e0 Playa del Carmen, avant de traverser la mer des Cara\u00efbes pour rejoindre La Havane \u00e0 Cuba. Un itin\u00e9raire unique qui m\u00eale d\u00e9couverte, d\u00e9tente [&hellip;]\" \/>\n<meta property=\"og:url\" content=\"https:\/\/blog.activetravel.com.tn\/index.php\/2025\/09\/23\/mexique-cuba-janvier-2026-un-circuit-entre-histoire-plage-et-culture-caribeenne\/\" \/>\n<meta property=\"og:site_name\" content=\"Blog activetravel\" \/>\n<meta property=\"article:published_time\" content=\"2025-09-23T10:13:15+00:00\" \/>\n<meta property=\"article:modified_time\" content=\"2025-09-23T10:27:54+00:00\" \/>\n<meta property=\"og:image\" content=\"https:\/\/blog.activetravel.com.tn\/wp-content\/uploads\/2025\/09\/Voyage-Mexique-Cuba5.jpg\" \/>\n\t<meta property=\"og:image:width\" content=\"900\" \/>\n\t<meta property=\"og:image:height\" content=\"600\" \/>\n\t<meta property=\"og:image:type\" content=\"image\/jpeg\" \/>\n<meta name=\"author\" content=\"user-activetravel\" \/>\n<meta name=\"twitter:card\" content=\"summary_large_image\" \/>\n<meta name=\"twitter:label1\" content=\"\u00c9crit par\" \/>\n\t<meta name=\"twitter:data1\" content=\"user-activetravel\" \/>\n\t<meta name=\"twitter:label2\" content=\"Dur\u00e9e de lecture estim\u00e9e\" \/>\n\t<meta name=\"twitter:data2\" content=\"4 minutes\" \/>\n<script type=\"application\/ld+json\" class=\"yoast-schema-graph\">{\"@context\":\"https:\/\/schema.org\",\"@graph\":[{\"@type\":\"WebPage\",\"@id\":\"https:\/\/blog.activetravel.com.tn\/index.php\/2025\/09\/23\/mexique-cuba-janvier-2026-un-circuit-entre-histoire-plage-et-culture-caribeenne\/\",\"url\":\"https:\/\/blog.activetravel.com.tn\/index.php\/2025\/09\/23\/mexique-cuba-janvier-2026-un-circuit-entre-histoire-plage-et-culture-caribeenne\/\",\"name\":\"Mexique & Cuba \u2013 Janvier 2026 Un circuit entre histoire, plage et culture carib\u00e9enne - Blog activetravel\",\"isPartOf\":{\"@id\":\"https:\/\/blog.activetravel.com.tn\/#website\"},\"datePublished\":\"2025-09-23T10:13:15+00:00\",\"dateModified\":\"2025-09-23T10:27:54+00:00\",\"author\":{\"@id\":\"https:\/\/blog.activetravel.com.tn\/#\/schema\/person\/efed5c7d1e7a3d6a9f27c0064001a4ab\"},\"breadcrumb\":{\"@id\":\"https:\/\/blog.activetravel.com.tn\/index.php\/2025\/09\/23\/mexique-cuba-janvier-2026-un-circuit-entre-histoire-plage-et-culture-caribeenne\/#breadcrumb\"},\"inLanguage\":\"fr-FR\",\"potentialAction\":[{\"@type\":\"ReadAction\",\"target\":[\"https:\/\/blog.activetravel.com.tn\/index.php\/2025\/09\/23\/mexique-cuba-janvier-2026-un-circuit-entre-histoire-plage-et-culture-caribeenne\/\"]}]},{\"@type\":\"BreadcrumbList\",\"@id\":\"https:\/\/blog.activetravel.com.tn\/index.php\/2025\/09\/23\/mexique-cuba-janvier-2026-un-circuit-entre-histoire-plage-et-culture-caribeenne\/#breadcrumb\",\"itemListElement\":[{\"@type\":\"ListItem\",\"position\":1,\"name\":\"Accueil\",\"item\":\"https:\/\/blog.activetravel.com.tn\/\"},{\"@type\":\"ListItem\",\"position\":2,\"name\":\"Mexique &#038; Cuba \u2013 Janvier 2026 Un circuit entre histoire, plage et culture carib\u00e9enne\"}]},{\"@type\":\"WebSite\",\"@id\":\"https:\/\/blog.activetravel.com.tn\/#website\",\"url\":\"https:\/\/blog.activetravel.com.tn\/\",\"name\":\"Blog activetravel\",\"description\":\"Agence de voyage Tunisie : R\u00e9servation h\u00f4tels chez Active Travel, la meilleure agence de voyages Tunisie.\",\"potentialAction\":[{\"@type\":\"SearchAction\",\"target\":{\"@type\":\"EntryPoint\",\"urlTemplate\":\"https:\/\/blog.activetravel.com.tn\/?s={search_term_string}\"},\"query-input\":\"required name=search_term_string\"}],\"inLanguage\":\"fr-FR\"},{\"@type\":\"Person\",\"@id\":\"https:\/\/blog.activetravel.com.tn\/#\/schema\/person\/efed5c7d1e7a3d6a9f27c0064001a4ab\",\"name\":\"user-activetravel\",\"image\":{\"@type\":\"ImageObject\",\"inLanguage\":\"fr-FR\",\"@id\":\"https:\/\/blog.activetravel.com.tn\/#\/schema\/person\/image\/\",\"url\":\"https:\/\/secure.gravatar.com\/avatar\/d4ee43dc1dac7aa76aa54a064263112143b452b30faa743c9e6b972f4d6be826?s=96&d=mm&r=g\",\"contentUrl\":\"https:\/\/secure.gravatar.com\/avatar\/d4ee43dc1dac7aa76aa54a064263112143b452b30faa743c9e6b972f4d6be826?s=96&d=mm&r=g\",\"caption\":\"user-activetravel\"},\"url\":\"https:\/\/blog.activetravel.com.tn\/index.php\/author\/user-activetravel\/\"}]}<\/script>\n<!-- \/ Yoast SEO plugin. -->","yoast_head_json":{"title":"Mexique & Cuba \u2013 Janvier 2026 Un circuit entre histoire, plage et culture carib\u00e9enne - Blog activetravel","robots":{"index":"index","follow":"follow","max-snippet":"max-snippet:-1","max-image-preview":"max-image-preview:large","max-video-preview":"max-video-preview:-1"},"canonical":"https:\/\/blog.activetravel.com.tn\/index.php\/2025\/09\/23\/mexique-cuba-janvier-2026-un-circuit-entre-histoire-plage-et-culture-caribeenne\/","og_locale":"fr_FR","og_type":"article","og_title":"Mexique & Cuba \u2013 Janvier 2026 Un circuit entre histoire, plage et culture carib\u00e9enne - Blog activetravel","og_description":"Vous r\u00eavez d\u2019un voyage organis\u00e9 au Mexique qui combine culture mill\u00e9naire, paysages paradisiaques et ambiance carib\u00e9enne ? En janvier 2026, partez pour un circuit exceptionnel qui vous conduira de Mexico City \u00e0 Playa del Carmen, avant de traverser la mer des Cara\u00efbes pour rejoindre La Havane \u00e0 Cuba. Un itin\u00e9raire unique qui m\u00eale d\u00e9couverte, d\u00e9tente [&hellip;]","og_url":"https:\/\/blog.activetravel.com.tn\/index.php\/2025\/09\/23\/mexique-cuba-janvier-2026-un-circuit-entre-histoire-plage-et-culture-caribeenne\/","og_site_name":"Blog activetravel","article_published_time":"2025-09-23T10:13:15+00:00","article_modified_time":"2025-09-23T10:27:54+00:00","og_image":[{"width":900,"height":600,"url":"https:\/\/blog.activetravel.com.tn\/wp-content\/uploads\/2025\/09\/Voyage-Mexique-Cuba5.jpg","type":"image\/jpeg"}],"author":"user-activetravel","twitter_card":"summary_large_image","twitter_misc":{"\u00c9crit par":"user-activetravel","Dur\u00e9e de lecture estim\u00e9e":"4 minutes"},"schema":{"@context":"https:\/\/schema.org","@graph":[{"@type":"WebPage","@id":"https:\/\/blog.activetravel.com.tn\/index.php\/2025\/09\/23\/mexique-cuba-janvier-2026-un-circuit-entre-histoire-plage-et-culture-caribeenne\/","url":"https:\/\/blog.activetravel.com.tn\/index.php\/2025\/09\/23\/mexique-cuba-janvier-2026-un-circuit-entre-histoire-plage-et-culture-caribeenne\/","name":"Mexique & Cuba \u2013 Janvier 2026 Un circuit entre histoire, plage et culture carib\u00e9enne - Blog activetravel","isPartOf":{"@id":"https:\/\/blog.activetravel.com.tn\/#website"},"datePublished":"2025-09-23T10:13:15+00:00","dateModified":"2025-09-23T10:27:54+00:00","author":{"@id":"https:\/\/blog.activetravel.com.tn\/#\/schema\/person\/efed5c7d1e7a3d6a9f27c0064001a4ab"},"breadcrumb":{"@id":"https:\/\/blog.activetravel.com.tn\/index.php\/2025\/09\/23\/mexique-cuba-janvier-2026-un-circuit-entre-histoire-plage-et-culture-caribeenne\/#breadcrumb"},"inLanguage":"fr-FR","potentialAction":[{"@type":"ReadAction","target":["https:\/\/blog.activetravel.com.tn\/index.php\/2025\/09\/23\/mexique-cuba-janvier-2026-un-circuit-entre-histoire-plage-et-culture-caribeenne\/"]}]},{"@type":"BreadcrumbList","@id":"https:\/\/blog.activetravel.com.tn\/index.php\/2025\/09\/23\/mexique-cuba-janvier-2026-un-circuit-entre-histoire-plage-et-culture-caribeenne\/#breadcrumb","itemListElement":[{"@type":"ListItem","position":1,"name":"Accueil","item":"https:\/\/blog.activetravel.com.tn\/"},{"@type":"ListItem","position":2,"name":"Mexique &#038; Cuba \u2013 Janvier 2026 Un circuit entre histoire, plage et culture carib\u00e9enne"}]},{"@type":"WebSite","@id":"https:\/\/blog.activetravel.com.tn\/#website","url":"https:\/\/blog.activetravel.com.tn\/","name":"Blog activetravel","description":"Agence de voyage Tunisie : R\u00e9servation h\u00f4tels chez Active Travel, la meilleure agence de voyages Tunisie.","potentialAction":[{"@type":"SearchAction","target":{"@type":"EntryPoint","urlTemplate":"https:\/\/blog.activetravel.com.tn\/?s={search_term_string}"},"query-input":"required name=search_term_string"}],"inLanguage":"fr-FR"},{"@type":"Person","@id":"https:\/\/blog.activetravel.com.tn\/#\/schema\/person\/efed5c7d1e7a3d6a9f27c0064001a4ab","name":"user-activetravel","image":{"@type":"ImageObject","inLanguage":"fr-FR","@id":"https:\/\/blog.activetravel.com.tn\/#\/schema\/person\/image\/","url":"https:\/\/secure.gravatar.com\/avatar\/d4ee43dc1dac7aa76aa54a064263112143b452b30faa743c9e6b972f4d6be826?s=96&d=mm&r=g","contentUrl":"https:\/\/secure.gravatar.com\/avatar\/d4ee43dc1dac7aa76aa54a064263112143b452b30faa743c9e6b972f4d6be826?s=96&d=mm&r=g","caption":"user-activetravel"},"url":"https:\/\/blog.activetravel.com.tn\/index.php\/author\/user-activetravel\/"}]}},"jetpack_featured_media_url":"https:\/\/blog.activetravel.com.tn\/wp-content\/uploads\/2025\/09\/Voyage-Mexique-Cuba5.jpg","jetpack_sharing_enabled":true,"_links":{"self":[{"href":"https:\/\/blog.activetravel.com.tn\/index.php\/wp-json\/wp\/v2\/posts\/5563","targetHints":{"allow":["GET"]}}],"collection":[{"href":"https:\/\/blog.activetravel.com.tn\/index.php\/wp-json\/wp\/v2\/posts"}],"about":[{"href":"https:\/\/blog.activetravel.com.tn\/index.php\/wp-json\/wp\/v2\/types\/post"}],"author":[{"embeddable":true,"href":"https:\/\/blog.activetravel.com.tn\/index.php\/wp-json\/wp\/v2\/users\/4"}],"replies":[{"embeddable":true,"href":"https:\/\/blog.activetravel.com.tn\/index.php\/wp-json\/wp\/v2\/comments?post=5563"}],"version-history":[{"count":24,"href":"https:\/\/blog.activetravel.com.tn\/index.php\/wp-json\/wp\/v2\/posts\/5563\/revisions"}],"predecessor-version":[{"id":5592,"href":"https:\/\/blog.activetravel.com.tn\/index.php\/wp-json\/wp\/v2\/posts\/5563\/revisions\/5592"}],"wp:featuredmedia":[{"embeddable":true,"href":"https:\/\/blog.activetravel.com.tn\/index.php\/wp-json\/wp\/v2\/media\/5580"}],"wp:attachment":[{"href":"https:\/\/blog.activetravel.com.tn\/index.php\/wp-json\/wp\/v2\/media?parent=5563"}],"wp:term":[{"taxonomy":"category","embeddable":true,"href":"https:\/\/blog.activetravel.com.tn\/index.php\/wp-json\/wp\/v2\/categories?post=5563"},{"taxonomy":"post_tag","embeddable":true,"href":"https:\/\/blog.activetravel.com.tn\/index.php\/wp-json\/wp\/v2\/tags?post=5563"}],"curies":[{"name":"wp","href":"https:\/\/api.w.org\/{rel}","templated":true}]}}