{"id":5510,"date":"2025-09-18T15:12:41","date_gmt":"2025-09-18T13:12:41","guid":{"rendered":"https:\/\/blog.activetravel.com.tn\/?p=5510"},"modified":"2025-09-18T15:31:39","modified_gmt":"2025-09-18T13:31:39","slug":"voyage-au-coeur-du-bresil-sao-paulo-amazonie-iguacu-et-rio-de-janeiro","status":"publish","type":"post","link":"https:\/\/blog.activetravel.com.tn\/index.php\/2025\/09\/18\/voyage-au-coeur-du-bresil-sao-paulo-amazonie-iguacu-et-rio-de-janeiro\/","title":{"rendered":"Voyage au c\u0153ur du Br\u00e9sil : S\u00e3o Paulo, Amazonie, Igua\u00e7u et Rio de Janeiro"},"content":{"rendered":"\t\t<div data-elementor-type=\"wp-post\" data-elementor-id=\"5510\" class=\"elementor elementor-5510\">\n\t\t\t\t\t\t<div class=\"elementor-inner\">\n\t\t\t\t<div class=\"elementor-section-wrap\">\n\t\t\t\t\t\t\t\t\t<section class=\"elementor-section elementor-top-section elementor-element elementor-element-298bd19 elementor-section-boxed elementor-section-height-default elementor-section-height-default\" data-id=\"298bd19\" data-element_type=\"section\">\n\t\t\t\t\t\t<div class=\"elementor-container elementor-column-gap-default\">\n\t\t\t\t\t\t\t<div class=\"elementor-row\">\n\t\t\t\t\t<div class=\"elementor-column elementor-col-25 elementor-top-column elementor-element elementor-element-2deeb2d\" data-id=\"2deeb2d\" data-element_type=\"column\">\n\t\t\t<div class=\"elementor-column-wrap elementor-element-populated\">\n\t\t\t\t\t\t\t<div class=\"elementor-widget-wrap\">\n\t\t\t\t\t\t<div class=\"elementor-element elementor-element-2acf54c elementor-widget elementor-widget-image\" data-id=\"2acf54c\" data-element_type=\"widget\" data-widget_type=\"image.default\">\n\t\t\t\t<div class=\"elementor-widget-container\">\n\t\t\t<style>\/*! elementor - v3.16.0 - 13-09-2023 *\/\n.elementor-widget-image{text-align:center}.elementor-widget-image a{display:inline-block}.elementor-widget-image a img[src$=\".svg\"]{width:48px}.elementor-widget-image img{vertical-align:middle;display:inline-block}<\/style>\t\t\t\t\t<div class=\"elementor-image\">\n\t\t\t\t\t\t\t\t\t\t\t\t<img loading=\"lazy\" decoding=\"async\" width=\"860\" height=\"573\" src=\"https:\/\/blog.activetravel.com.tn\/wp-content\/uploads\/2025\/09\/Voyage-Bresil-Tunisie1.jpg\" class=\"attachment-large size-large wp-image-5532\" alt=\"\" \/>\t\t\t\t\t\t\t\t\t\t\t\t\t\t<\/div>\n\t\t\t\t\t\t<\/div>\n\t\t\t\t<\/div>\n\t\t\t\t\t\t<\/div>\n\t\t\t\t\t<\/div>\n\t\t<\/div>\n\t\t\t\t<div class=\"elementor-column elementor-col-25 elementor-top-column elementor-element elementor-element-6c949d5\" data-id=\"6c949d5\" data-element_type=\"column\">\n\t\t\t<div class=\"elementor-column-wrap elementor-element-populated\">\n\t\t\t\t\t\t\t<div class=\"elementor-widget-wrap\">\n\t\t\t\t\t\t<div class=\"elementor-element elementor-element-676d608 elementor-widget elementor-widget-image\" data-id=\"676d608\" data-element_type=\"widget\" data-widget_type=\"image.default\">\n\t\t\t\t<div class=\"elementor-widget-container\">\n\t\t\t\t\t\t\t\t<div class=\"elementor-image\">\n\t\t\t\t\t\t\t\t\t\t\t\t<img loading=\"lazy\" decoding=\"async\" width=\"860\" height=\"573\" src=\"https:\/\/blog.activetravel.com.tn\/wp-content\/uploads\/2025\/09\/Voyage-Bresil-Tunisie2.jpg\" class=\"attachment-large size-large wp-image-5533\" alt=\"\" \/>\t\t\t\t\t\t\t\t\t\t\t\t\t\t<\/div>\n\t\t\t\t\t\t<\/div>\n\t\t\t\t<\/div>\n\t\t\t\t\t\t<\/div>\n\t\t\t\t\t<\/div>\n\t\t<\/div>\n\t\t\t\t<div class=\"elementor-column elementor-col-25 elementor-top-column elementor-element elementor-element-c818f28\" data-id=\"c818f28\" data-element_type=\"column\">\n\t\t\t<div class=\"elementor-column-wrap elementor-element-populated\">\n\t\t\t\t\t\t\t<div class=\"elementor-widget-wrap\">\n\t\t\t\t\t\t<div class=\"elementor-element elementor-element-0c59a94 elementor-widget elementor-widget-image\" data-id=\"0c59a94\" data-element_type=\"widget\" data-widget_type=\"image.default\">\n\t\t\t\t<div class=\"elementor-widget-container\">\n\t\t\t\t\t\t\t\t<div class=\"elementor-image\">\n\t\t\t\t\t\t\t\t\t\t\t\t<img loading=\"lazy\" decoding=\"async\" width=\"860\" height=\"573\" src=\"https:\/\/blog.activetravel.com.tn\/wp-content\/uploads\/2025\/09\/Voyage-Bresil-Tunisie3.jpg\" class=\"attachment-large size-large wp-image-5534\" alt=\"\" \/>\t\t\t\t\t\t\t\t\t\t\t\t\t\t<\/div>\n\t\t\t\t\t\t<\/div>\n\t\t\t\t<\/div>\n\t\t\t\t\t\t<\/div>\n\t\t\t\t\t<\/div>\n\t\t<\/div>\n\t\t\t\t<div class=\"elementor-column elementor-col-25 elementor-top-column elementor-element elementor-element-cb33ac3\" data-id=\"cb33ac3\" data-element_type=\"column\">\n\t\t\t<div class=\"elementor-column-wrap elementor-element-populated\">\n\t\t\t\t\t\t\t<div class=\"elementor-widget-wrap\">\n\t\t\t\t\t\t<div class=\"elementor-element elementor-element-1dba11a elementor-widget elementor-widget-image\" data-id=\"1dba11a\" data-element_type=\"widget\" data-widget_type=\"image.default\">\n\t\t\t\t<div class=\"elementor-widget-container\">\n\t\t\t\t\t\t\t\t<div class=\"elementor-image\">\n\t\t\t\t\t\t\t\t\t\t\t\t<img loading=\"lazy\" decoding=\"async\" width=\"860\" height=\"573\" src=\"https:\/\/blog.activetravel.com.tn\/wp-content\/uploads\/2025\/09\/Voyage-Bresil-Tunisie4.jpg\" class=\"attachment-large size-large wp-image-5535\" alt=\"\" \/>\t\t\t\t\t\t\t\t\t\t\t\t\t\t<\/div>\n\t\t\t\t\t\t<\/div>\n\t\t\t\t<\/div>\n\t\t\t\t\t\t<\/div>\n\t\t\t\t\t<\/div>\n\t\t<\/div>\n\t\t\t\t\t\t\t\t<\/div>\n\t\t\t\t\t<\/div>\n\t\t<\/section>\n\t\t\t\t<section class=\"elementor-section elementor-top-section elementor-element elementor-element-e7a5252 elementor-section-boxed elementor-section-height-default elementor-section-height-default\" data-id=\"e7a5252\" data-element_type=\"section\">\n\t\t\t\t\t\t<div class=\"elementor-container elementor-column-gap-default\">\n\t\t\t\t\t\t\t<div class=\"elementor-row\">\n\t\t\t\t\t<div class=\"elementor-column elementor-col-100 elementor-top-column elementor-element elementor-element-10561ba\" data-id=\"10561ba\" data-element_type=\"column\">\n\t\t\t<div class=\"elementor-column-wrap elementor-element-populated\">\n\t\t\t\t\t\t\t<div class=\"elementor-widget-wrap\">\n\t\t\t\t\t\t<div class=\"elementor-element elementor-element-c1f85b2 elementor-widget elementor-widget-text-editor\" data-id=\"c1f85b2\" data-element_type=\"widget\" data-widget_type=\"text-editor.default\">\n\t\t\t\t<div class=\"elementor-widget-container\">\n\t\t\t<style>\/*! elementor - v3.16.0 - 13-09-2023 *\/\n.elementor-widget-text-editor.elementor-drop-cap-view-stacked .elementor-drop-cap{background-color:#69727d;color:#fff}.elementor-widget-text-editor.elementor-drop-cap-view-framed .elementor-drop-cap{color:#69727d;border:3px solid;background-color:transparent}.elementor-widget-text-editor:not(.elementor-drop-cap-view-default) .elementor-drop-cap{margin-top:8px}.elementor-widget-text-editor:not(.elementor-drop-cap-view-default) .elementor-drop-cap-letter{width:1em;height:1em}.elementor-widget-text-editor .elementor-drop-cap{float:left;text-align:center;line-height:1;font-size:50px}.elementor-widget-text-editor .elementor-drop-cap-letter{display:inline-block}<\/style>\t\t\t\t\t<div class=\"elementor-text-editor elementor-clearfix\">\n\t\t\t\t<p>D\u00e9couvrir le Br\u00e9sil, c\u2019est s\u2019offrir un voyage entre modernit\u00e9, nature sauvage et rythmes tropicaux.<\/p><p>Avec un <strong>voyage organis\u00e9 au Br\u00e9sil<\/strong>, vous explorez les sites embl\u00e9matiques de ce pays fascinant\u00a0: du dynamisme de S\u00e3o Paulo \u00e0 la jungle amazonienne de Manaus, en passant par les impressionnantes chutes d\u2019Igua\u00e7u et l\u2019effervescence de Rio de Janeiro\u00a0!<\/p><p>Ce circuit complet vous garantit une immersion totale dans la culture br\u00e9silienne, son patrimoine et ses paysages spectaculaires.<\/p>\t\t\t\t\t<\/div>\n\t\t\t\t\t\t<\/div>\n\t\t\t\t<\/div>\n\t\t\t\t\t\t<\/div>\n\t\t\t\t\t<\/div>\n\t\t<\/div>\n\t\t\t\t\t\t\t\t<\/div>\n\t\t\t\t\t<\/div>\n\t\t<\/section>\n\t\t\t\t<section class=\"elementor-section elementor-top-section elementor-element elementor-element-b3f7d3a elementor-section-boxed elementor-section-height-default elementor-section-height-default\" data-id=\"b3f7d3a\" data-element_type=\"section\">\n\t\t\t\t\t\t<div class=\"elementor-container elementor-column-gap-default\">\n\t\t\t\t\t\t\t<div class=\"elementor-row\">\n\t\t\t\t\t<div class=\"elementor-column elementor-col-100 elementor-top-column elementor-element elementor-element-a5bb527\" data-id=\"a5bb527\" data-element_type=\"column\">\n\t\t\t<div class=\"elementor-column-wrap elementor-element-populated\">\n\t\t\t\t\t\t\t<div class=\"elementor-widget-wrap\">\n\t\t\t\t\t\t<div class=\"elementor-element elementor-element-f4f30a5 elementor-widget elementor-widget-heading\" data-id=\"f4f30a5\" data-element_type=\"widget\" data-widget_type=\"heading.default\">\n\t\t\t\t<div class=\"elementor-widget-container\">\n\t\t\t<style>\/*! elementor - v3.16.0 - 13-09-2023 *\/\n.elementor-heading-title{padding:0;margin:0;line-height:1}.elementor-widget-heading .elementor-heading-title[class*=elementor-size-]>a{color:inherit;font-size:inherit;line-height:inherit}.elementor-widget-heading .elementor-heading-title.elementor-size-small{font-size:15px}.elementor-widget-heading .elementor-heading-title.elementor-size-medium{font-size:19px}.elementor-widget-heading .elementor-heading-title.elementor-size-large{font-size:29px}.elementor-widget-heading .elementor-heading-title.elementor-size-xl{font-size:39px}.elementor-widget-heading .elementor-heading-title.elementor-size-xxl{font-size:59px}<\/style><h2 class=\"elementor-heading-title elementor-size-default\">S\u00e3o Paulo : m\u00e9tropole moderne et vibrante<\/h2>\t\t<\/div>\n\t\t\t\t<\/div>\n\t\t\t\t\t\t<\/div>\n\t\t\t\t\t<\/div>\n\t\t<\/div>\n\t\t\t\t\t\t\t\t<\/div>\n\t\t\t\t\t<\/div>\n\t\t<\/section>\n\t\t\t\t<section class=\"elementor-section elementor-top-section elementor-element elementor-element-5d81df4 elementor-section-boxed elementor-section-height-default elementor-section-height-default\" data-id=\"5d81df4\" data-element_type=\"section\">\n\t\t\t\t\t\t<div class=\"elementor-container elementor-column-gap-default\">\n\t\t\t\t\t\t\t<div class=\"elementor-row\">\n\t\t\t\t\t<div class=\"elementor-column elementor-col-100 elementor-top-column elementor-element elementor-element-a174d16\" data-id=\"a174d16\" data-element_type=\"column\">\n\t\t\t<div class=\"elementor-column-wrap elementor-element-populated\">\n\t\t\t\t\t\t\t<div class=\"elementor-widget-wrap\">\n\t\t\t\t\t\t<div class=\"elementor-element elementor-element-a359f90 elementor-widget elementor-widget-text-editor\" data-id=\"a359f90\" data-element_type=\"widget\" data-widget_type=\"text-editor.default\">\n\t\t\t\t<div class=\"elementor-widget-container\">\n\t\t\t\t\t\t\t\t<div class=\"elementor-text-editor elementor-clearfix\">\n\t\t\t\t<p>Le circuit d\u00e9bute \u00e0 <strong>S\u00e3o Paulo<\/strong>, la capitale \u00e9conomique et culturelle du Br\u00e9sil. Immense m\u00e9galopole, elle s\u00e9duit par sa diversit\u00e9 et son \u00e9nergie. Vous y d\u00e9couvrirez :<\/p><ul><li><strong>L\u2019Avenida Paulista<\/strong>, art\u00e8re embl\u00e9matique bord\u00e9e de gratte-ciel, mus\u00e9es et galeries.<\/li><li><strong>Le parc d\u2019Ibirapuera<\/strong>, v\u00e9ritable poumon vert o\u00f9 se m\u00ealent art et nature.<\/li><li><strong>Le march\u00e9 municipal<\/strong>, r\u00e9put\u00e9 pour ses sp\u00e9cialit\u00e9s locales, id\u00e9al pour go\u00fbter aux saveurs br\u00e9siliennes.<\/li><\/ul><p>S\u00e3o Paulo est aussi le point de rencontre des cultures du monde entier. En optant pour un <strong>voyage organis\u00e9 Br\u00e9sil<\/strong>, vous profitez d\u2019une visite guid\u00e9e qui vous d\u00e9voile les secrets de cette ville cosmopolite.<\/p>\t\t\t\t\t<\/div>\n\t\t\t\t\t\t<\/div>\n\t\t\t\t<\/div>\n\t\t\t\t\t\t<\/div>\n\t\t\t\t\t<\/div>\n\t\t<\/div>\n\t\t\t\t\t\t\t\t<\/div>\n\t\t\t\t\t<\/div>\n\t\t<\/section>\n\t\t\t\t<section class=\"elementor-section elementor-top-section elementor-element elementor-element-a4c91ff elementor-section-boxed elementor-section-height-default elementor-section-height-default\" data-id=\"a4c91ff\" data-element_type=\"section\">\n\t\t\t\t\t\t<div class=\"elementor-container elementor-column-gap-default\">\n\t\t\t\t\t\t\t<div class=\"elementor-row\">\n\t\t\t\t\t<div class=\"elementor-column elementor-col-100 elementor-top-column elementor-element elementor-element-b2c5e56\" data-id=\"b2c5e56\" data-element_type=\"column\">\n\t\t\t<div class=\"elementor-column-wrap elementor-element-populated\">\n\t\t\t\t\t\t\t<div class=\"elementor-widget-wrap\">\n\t\t\t\t\t\t<div class=\"elementor-element elementor-element-12775c9 elementor-widget elementor-widget-heading\" data-id=\"12775c9\" data-element_type=\"widget\" data-widget_type=\"heading.default\">\n\t\t\t\t<div class=\"elementor-widget-container\">\n\t\t\t<h2 class=\"elementor-heading-title elementor-size-default\">Manaus et l\u2019Amazonie : immersion au c\u0153ur de la jungle<\/h2>\t\t<\/div>\n\t\t\t\t<\/div>\n\t\t\t\t\t\t<\/div>\n\t\t\t\t\t<\/div>\n\t\t<\/div>\n\t\t\t\t\t\t\t\t<\/div>\n\t\t\t\t\t<\/div>\n\t\t<\/section>\n\t\t\t\t<section class=\"elementor-section elementor-top-section elementor-element elementor-element-9a0b9a3 elementor-section-boxed elementor-section-height-default elementor-section-height-default\" data-id=\"9a0b9a3\" data-element_type=\"section\">\n\t\t\t\t\t\t<div class=\"elementor-container elementor-column-gap-default\">\n\t\t\t\t\t\t\t<div class=\"elementor-row\">\n\t\t\t\t\t<div class=\"elementor-column elementor-col-100 elementor-top-column elementor-element elementor-element-9b02460\" data-id=\"9b02460\" data-element_type=\"column\">\n\t\t\t<div class=\"elementor-column-wrap elementor-element-populated\">\n\t\t\t\t\t\t\t<div class=\"elementor-widget-wrap\">\n\t\t\t\t\t\t<div class=\"elementor-element elementor-element-8b278a5 elementor-widget elementor-widget-text-editor\" data-id=\"8b278a5\" data-element_type=\"widget\" data-widget_type=\"text-editor.default\">\n\t\t\t\t<div class=\"elementor-widget-container\">\n\t\t\t\t\t\t\t\t<div class=\"elementor-text-editor elementor-clearfix\">\n\t\t\t\t<p>Direction ensuite <strong>Manaus<\/strong>, porte d\u2019entr\u00e9e vers l\u2019Amazonie. Situ\u00e9e en plein c\u0153ur de la for\u00eat tropicale, cette ville mythique offre un contraste saisissant entre urbanisme et nature.<\/p><p>L\u2019\u00e9tape incontournable est le <strong>th\u00e9\u00e2tre Amazonas<\/strong>, chef-d\u2019\u0153uvre architectural construit \u00e0 l\u2019\u00e9poque du boom du caoutchouc. Mais c\u2019est surtout l\u2019exploration de la jungle environnante qui marque les voyageurs.<\/p><p>Votre circuit comprend une excursion sur le <strong>Rio Negro et le Rio Solim\u00f5es<\/strong>, dont la rencontre forme l\u2019Amazone. Vous admirez le ph\u00e9nom\u00e8ne unique des <strong>eaux qui ne se m\u00e9langent pas<\/strong>, une curiosit\u00e9 naturelle spectaculaire.<\/p><p>Les plus aventureux peuvent prolonger l\u2019exp\u00e9rience avec une balade en pirogue ou une rencontre avec les communaut\u00e9s locales.<\/p><p>Un <strong>voyage organis\u00e9 au Br\u00e9sil<\/strong> permet de vivre cette immersion en toute s\u00e9curit\u00e9, accompagn\u00e9 de guides passionn\u00e9s qui connaissent parfaitement la r\u00e9gion.<\/p>\t\t\t\t\t<\/div>\n\t\t\t\t\t\t<\/div>\n\t\t\t\t<\/div>\n\t\t\t\t\t\t<\/div>\n\t\t\t\t\t<\/div>\n\t\t<\/div>\n\t\t\t\t\t\t\t\t<\/div>\n\t\t\t\t\t<\/div>\n\t\t<\/section>\n\t\t\t\t<section class=\"elementor-section elementor-top-section elementor-element elementor-element-eb328ac elementor-section-boxed elementor-section-height-default elementor-section-height-default\" data-id=\"eb328ac\" data-element_type=\"section\">\n\t\t\t\t\t\t<div class=\"elementor-container elementor-column-gap-default\">\n\t\t\t\t\t\t\t<div class=\"elementor-row\">\n\t\t\t\t\t<div class=\"elementor-column elementor-col-100 elementor-top-column elementor-element elementor-element-fb49039\" data-id=\"fb49039\" data-element_type=\"column\">\n\t\t\t<div class=\"elementor-column-wrap elementor-element-populated\">\n\t\t\t\t\t\t\t<div class=\"elementor-widget-wrap\">\n\t\t\t\t\t\t<div class=\"elementor-element elementor-element-6e5e9ef elementor-widget elementor-widget-heading\" data-id=\"6e5e9ef\" data-element_type=\"widget\" data-widget_type=\"heading.default\">\n\t\t\t\t<div class=\"elementor-widget-container\">\n\t\t\t<h2 class=\"elementor-heading-title elementor-size-default\">Les chutes d\u2019Igua\u00e7u : un spectacle naturel grandiose<\/h2>\t\t<\/div>\n\t\t\t\t<\/div>\n\t\t\t\t\t\t<\/div>\n\t\t\t\t\t<\/div>\n\t\t<\/div>\n\t\t\t\t\t\t\t\t<\/div>\n\t\t\t\t\t<\/div>\n\t\t<\/section>\n\t\t\t\t<section class=\"elementor-section elementor-top-section elementor-element elementor-element-6081e96 elementor-section-boxed elementor-section-height-default elementor-section-height-default\" data-id=\"6081e96\" data-element_type=\"section\">\n\t\t\t\t\t\t<div class=\"elementor-container elementor-column-gap-default\">\n\t\t\t\t\t\t\t<div class=\"elementor-row\">\n\t\t\t\t\t<div class=\"elementor-column elementor-col-100 elementor-top-column elementor-element elementor-element-cf5a896\" data-id=\"cf5a896\" data-element_type=\"column\">\n\t\t\t<div class=\"elementor-column-wrap elementor-element-populated\">\n\t\t\t\t\t\t\t<div class=\"elementor-widget-wrap\">\n\t\t\t\t\t\t<div class=\"elementor-element elementor-element-d8d1a3e elementor-widget elementor-widget-text-editor\" data-id=\"d8d1a3e\" data-element_type=\"widget\" data-widget_type=\"text-editor.default\">\n\t\t\t\t<div class=\"elementor-widget-container\">\n\t\t\t\t\t\t\t\t<div class=\"elementor-text-editor elementor-clearfix\">\n\t\t\t\t<p>Class\u00e9es au patrimoine mondial de l\u2019UNESCO, les <strong>chutes d\u2019Igua\u00e7u<\/strong> sont parmi les plus belles du monde. Elles s\u2019\u00e9tendent sur pr\u00e8s de trois kilom\u00e8tres, \u00e0 la fronti\u00e8re entre le Br\u00e9sil et l\u2019Argentine.<\/p><p><strong>C\u00f4t\u00e9 br\u00e9silien<\/strong>, une vue panoramique exceptionnelle sur l\u2019ensemble des chutes.<\/p><p><strong>C\u00f4t\u00e9 argentin<\/strong>, des passerelles permettant de s\u2019approcher au plus pr\u00e8s des cascades.<\/p><p>Le point d\u2019orgue est la <em>Garganta do Diabo<\/em> (la Gorge du Diable), impressionnant rideau d\u2019eau qui vous laissera sans voix.<\/p><p>Avec un <strong>voyage organis\u00e9 Br\u00e9sil<\/strong>, tout est pr\u00e9vu pour profiter pleinement de cette merveille naturelle, sans se soucier de la logistique entre les fronti\u00e8res.<\/p>\t\t\t\t\t<\/div>\n\t\t\t\t\t\t<\/div>\n\t\t\t\t<\/div>\n\t\t\t\t\t\t<\/div>\n\t\t\t\t\t<\/div>\n\t\t<\/div>\n\t\t\t\t\t\t\t\t<\/div>\n\t\t\t\t\t<\/div>\n\t\t<\/section>\n\t\t\t\t<section class=\"elementor-section elementor-top-section elementor-element elementor-element-6df7490 elementor-section-boxed elementor-section-height-default elementor-section-height-default\" data-id=\"6df7490\" data-element_type=\"section\">\n\t\t\t\t\t\t<div class=\"elementor-container elementor-column-gap-default\">\n\t\t\t\t\t\t\t<div class=\"elementor-row\">\n\t\t\t\t\t<div class=\"elementor-column elementor-col-100 elementor-top-column elementor-element elementor-element-827fa46\" data-id=\"827fa46\" data-element_type=\"column\">\n\t\t\t<div class=\"elementor-column-wrap elementor-element-populated\">\n\t\t\t\t\t\t\t<div class=\"elementor-widget-wrap\">\n\t\t\t\t\t\t<div class=\"elementor-element elementor-element-9794250 elementor-widget elementor-widget-heading\" data-id=\"9794250\" data-element_type=\"widget\" data-widget_type=\"heading.default\">\n\t\t\t\t<div class=\"elementor-widget-container\">\n\t\t\t<h2 class=\"elementor-heading-title elementor-size-default\">Rio de Janeiro : entre plages, samba et culture<\/h2>\t\t<\/div>\n\t\t\t\t<\/div>\n\t\t\t\t\t\t<\/div>\n\t\t\t\t\t<\/div>\n\t\t<\/div>\n\t\t\t\t\t\t\t\t<\/div>\n\t\t\t\t\t<\/div>\n\t\t<\/section>\n\t\t\t\t<section class=\"elementor-section elementor-top-section elementor-element elementor-element-9545368 elementor-section-boxed elementor-section-height-default elementor-section-height-default\" data-id=\"9545368\" data-element_type=\"section\">\n\t\t\t\t\t\t<div class=\"elementor-container elementor-column-gap-default\">\n\t\t\t\t\t\t\t<div class=\"elementor-row\">\n\t\t\t\t\t<div class=\"elementor-column elementor-col-100 elementor-top-column elementor-element elementor-element-f94bd4e\" data-id=\"f94bd4e\" data-element_type=\"column\">\n\t\t\t<div class=\"elementor-column-wrap elementor-element-populated\">\n\t\t\t\t\t\t\t<div class=\"elementor-widget-wrap\">\n\t\t\t\t\t\t<div class=\"elementor-element elementor-element-5b9fb65 elementor-widget elementor-widget-text-editor\" data-id=\"5b9fb65\" data-element_type=\"widget\" data-widget_type=\"text-editor.default\">\n\t\t\t\t<div class=\"elementor-widget-container\">\n\t\t\t\t\t\t\t\t<div class=\"elementor-text-editor elementor-clearfix\">\n\t\t\t\t<p>Le circuit se conclut en beaut\u00e9 \u00e0 <strong>Rio de Janeiro<\/strong>, l\u2019une des villes les plus embl\u00e9matiques au monde. Entre montagne et oc\u00e9an, Rio incarne la joie de vivre br\u00e9silienne.<\/p><p>Parmi les incontournables :<\/p><ul><li><strong>Le Christ R\u00e9dempteur<\/strong>, haut de 38 m\u00e8tres, class\u00e9 parmi les 7 merveilles du monde moderne.<\/li><li><strong>Le Pain de Sucre<\/strong>, accessible en t\u00e9l\u00e9ph\u00e9rique, offrant une vue \u00e0 couper le souffle.<\/li><li><strong>Les plages de Copacabana et d\u2019Ipanema<\/strong>, id\u00e9ales pour se d\u00e9tendre au rythme de la samba.<\/li><\/ul><p>Rio, c\u2019est aussi la culture populaire, les quartiers color\u00e9s comme Santa Teresa, la musique omnipr\u00e9sente et une atmosph\u00e8re festive unique. Gr\u00e2ce \u00e0 votre <strong>voyage organis\u00e9 au Br\u00e9sil<\/strong>, vous profitez de visites guid\u00e9es mais aussi de moments libres pour fl\u00e2ner \u00e0 votre rythme.<\/p>\t\t\t\t\t<\/div>\n\t\t\t\t\t\t<\/div>\n\t\t\t\t<\/div>\n\t\t\t\t\t\t<\/div>\n\t\t\t\t\t<\/div>\n\t\t<\/div>\n\t\t\t\t\t\t\t\t<\/div>\n\t\t\t\t\t<\/div>\n\t\t<\/section>\n\t\t\t\t<section class=\"elementor-section elementor-top-section elementor-element elementor-element-ea36d5a elementor-section-boxed elementor-section-height-default elementor-section-height-default\" data-id=\"ea36d5a\" data-element_type=\"section\">\n\t\t\t\t\t\t<div class=\"elementor-container elementor-column-gap-default\">\n\t\t\t\t\t\t\t<div class=\"elementor-row\">\n\t\t\t\t\t<div class=\"elementor-column elementor-col-100 elementor-top-column elementor-element elementor-element-30f7cc8\" data-id=\"30f7cc8\" data-element_type=\"column\">\n\t\t\t<div class=\"elementor-column-wrap elementor-element-populated\">\n\t\t\t\t\t\t\t<div class=\"elementor-widget-wrap\">\n\t\t\t\t\t\t<div class=\"elementor-element elementor-element-6bf4129 elementor-widget elementor-widget-heading\" data-id=\"6bf4129\" data-element_type=\"widget\" data-widget_type=\"heading.default\">\n\t\t\t\t<div class=\"elementor-widget-container\">\n\t\t\t<h2 class=\"elementor-heading-title elementor-size-default\">Pourquoi choisir un voyage organis\u00e9 au Br\u00e9sil ?<\/h2>\t\t<\/div>\n\t\t\t\t<\/div>\n\t\t\t\t\t\t<\/div>\n\t\t\t\t\t<\/div>\n\t\t<\/div>\n\t\t\t\t\t\t\t\t<\/div>\n\t\t\t\t\t<\/div>\n\t\t<\/section>\n\t\t\t\t<section class=\"elementor-section elementor-top-section elementor-element elementor-element-3765863 elementor-section-boxed elementor-section-height-default elementor-section-height-default\" data-id=\"3765863\" data-element_type=\"section\">\n\t\t\t\t\t\t<div class=\"elementor-container elementor-column-gap-default\">\n\t\t\t\t\t\t\t<div class=\"elementor-row\">\n\t\t\t\t\t<div class=\"elementor-column elementor-col-100 elementor-top-column elementor-element elementor-element-b9f5dda\" data-id=\"b9f5dda\" data-element_type=\"column\">\n\t\t\t<div class=\"elementor-column-wrap elementor-element-populated\">\n\t\t\t\t\t\t\t<div class=\"elementor-widget-wrap\">\n\t\t\t\t\t\t<div class=\"elementor-element elementor-element-c5d6793 elementor-widget elementor-widget-text-editor\" data-id=\"c5d6793\" data-element_type=\"widget\" data-widget_type=\"text-editor.default\">\n\t\t\t\t<div class=\"elementor-widget-container\">\n\t\t\t\t\t\t\t\t<div class=\"elementor-text-editor elementor-clearfix\">\n\t\t\t\tLe Br\u00e9sil est un pays immense, aux distances consid\u00e9rables et aux cultures vari\u00e9es. Opter pour <a href=\"https:\/\/activetravel.com.tn\/voyage-organise\/etape1\/Details\/Bresil\/Bresil?success_redirect_url=wk%2BhwvZogNduEaKpnmLe2v7kiOyQEc%2B2vM45dBwPHI8S45QoI5XHFa90ywG%2B3QikyCdpvS%2Fz%2BcOmdEAvNa3Xwg%3D%3D\">un <strong>voyage organis\u00e9 Br\u00e9sil<\/strong> <\/a>pr\u00e9sente de nombreux avantages :\n<ul>\n \t<li><strong>Un itin\u00e9raire \u00e9quilibr\u00e9<\/strong> qui combine grandes villes, nature et d\u00e9tente.<\/li>\n \t<li><strong>Des guides francophones exp\u00e9riment\u00e9s<\/strong>, garants d\u2019explications culturelles enrichissantes.<\/li>\n \t<li><strong>Une logistique simplifi\u00e9e<\/strong> : vols int\u00e9rieurs, transferts et excursions sont d\u00e9j\u00e0 planifi\u00e9s.<\/li>\n \t<li><strong>Une s\u00e9curit\u00e9 renforc\u00e9e<\/strong>, permettant de voyager sereinement dans un pays aussi vaste. Ce circuit vous fait gagner du temps et maximise vos d\u00e9couvertes, tout en vous offrant le confort d\u2019un accompagnement professionnel.<\/li>\n<\/ul>\t\t\t\t\t<\/div>\n\t\t\t\t\t\t<\/div>\n\t\t\t\t<\/div>\n\t\t\t\t\t\t<\/div>\n\t\t\t\t\t<\/div>\n\t\t<\/div>\n\t\t\t\t\t\t\t\t<\/div>\n\t\t\t\t\t<\/div>\n\t\t<\/section>\n\t\t\t\t<section class=\"elementor-section elementor-top-section elementor-element elementor-element-b1b4300 elementor-section-boxed elementor-section-height-default elementor-section-height-default\" data-id=\"b1b4300\" data-element_type=\"section\">\n\t\t\t\t\t\t<div class=\"elementor-container elementor-column-gap-default\">\n\t\t\t\t\t\t\t<div class=\"elementor-row\">\n\t\t\t\t\t<div class=\"elementor-column elementor-col-100 elementor-top-column elementor-element elementor-element-8dc0ed4\" data-id=\"8dc0ed4\" data-element_type=\"column\">\n\t\t\t<div class=\"elementor-column-wrap elementor-element-populated\">\n\t\t\t\t\t\t\t<div class=\"elementor-widget-wrap\">\n\t\t\t\t\t\t<div class=\"elementor-element elementor-element-e7f8bdb elementor-widget elementor-widget-heading\" data-id=\"e7f8bdb\" data-element_type=\"widget\" data-widget_type=\"heading.default\">\n\t\t\t\t<div class=\"elementor-widget-container\">\n\t\t\t<h2 class=\"elementor-heading-title elementor-size-default\">Conclusion <\/h2>\t\t<\/div>\n\t\t\t\t<\/div>\n\t\t\t\t\t\t<\/div>\n\t\t\t\t\t<\/div>\n\t\t<\/div>\n\t\t\t\t\t\t\t\t<\/div>\n\t\t\t\t\t<\/div>\n\t\t<\/section>\n\t\t\t\t<section class=\"elementor-section elementor-top-section elementor-element elementor-element-d982331 elementor-section-boxed elementor-section-height-default elementor-section-height-default\" data-id=\"d982331\" data-element_type=\"section\">\n\t\t\t\t\t\t<div class=\"elementor-container elementor-column-gap-default\">\n\t\t\t\t\t\t\t<div class=\"elementor-row\">\n\t\t\t\t\t<div class=\"elementor-column elementor-col-100 elementor-top-column elementor-element elementor-element-14db883\" data-id=\"14db883\" data-element_type=\"column\">\n\t\t\t<div class=\"elementor-column-wrap elementor-element-populated\">\n\t\t\t\t\t\t\t<div class=\"elementor-widget-wrap\">\n\t\t\t\t\t\t<div class=\"elementor-element elementor-element-4d9505c elementor-widget elementor-widget-text-editor\" data-id=\"4d9505c\" data-element_type=\"widget\" data-widget_type=\"text-editor.default\">\n\t\t\t\t<div class=\"elementor-widget-container\">\n\t\t\t\t\t\t\t\t<div class=\"elementor-text-editor elementor-clearfix\">\n\t\t\t\t<p>Entre modernit\u00e9 urbaine, jungle amazonienne, merveilles naturelles et ambiance festive, ce <strong>voyage organis\u00e9 au Br\u00e9sil<\/strong> vous plonge au c\u0153ur de la diversit\u00e9 br\u00e9silienne.<\/p><p>De S\u00e3o Paulo \u00e0 Rio de Janeiro, en passant par Manaus et Igua\u00e7u, chaque \u00e9tape r\u00e9v\u00e8le une facette unique du pays. Que vous soyez passionn\u00e9 de nature, amateur de culture ou simplement curieux de vivre l\u2019exp\u00e9rience br\u00e9silienne, ce circuit est une invitation \u00e0 l\u2019\u00e9merveillement.<\/p><p>Le Br\u00e9sil n\u2019attend plus que vous. Pr\u00e9parez-vous \u00e0 vivre un voyage riche en \u00e9motions, encadr\u00e9 par des professionnels qui transformeront votre s\u00e9jour en une aventure inoubliable.<\/p>\t\t\t\t\t<\/div>\n\t\t\t\t\t\t<\/div>\n\t\t\t\t<\/div>\n\t\t\t\t\t\t<\/div>\n\t\t\t\t\t<\/div>\n\t\t<\/div>\n\t\t\t\t\t\t\t\t<\/div>\n\t\t\t\t\t<\/div>\n\t\t<\/section>\n\t\t\t\t\t\t\t\t\t<\/div>\n\t\t\t<\/div>\n\t\t\t\t\t<\/div>\n\t\t","protected":false},"excerpt":{"rendered":"<p>D\u00e9couvrir le Br\u00e9sil, c\u2019est s\u2019offrir un voyage entre modernit\u00e9, nature sauvage et rythmes tropicaux. Avec un voyage organis\u00e9 au Br\u00e9sil, vous explorez les sites embl\u00e9matiques de ce pays fascinant\u00a0: du dynamisme de S\u00e3o Paulo \u00e0 la jungle amazonienne de Manaus, en passant par les impressionnantes chutes d\u2019Igua\u00e7u et l\u2019effervescence de Rio de Janeiro\u00a0! Ce circuit [&hellip;]<\/p>\n","protected":false},"author":4,"featured_media":5534,"comment_status":"open","ping_status":"open","sticky":false,"template":"","format":"standard","meta":{"_jetpack_memberships_contains_paid_content":false,"footnotes":""},"categories":[65,1,24,60],"tags":[],"class_list":["post-5510","post","type-post","status-publish","format-standard","has-post-thumbnail","hentry","category-guide-voyage","category-non-classe","category-travel","category-voyage"],"yoast_head":"<!-- This site is optimized with the Yoast SEO plugin v21.1 - https:\/\/yoast.com\/wordpress\/plugins\/seo\/ -->\n<title>Voyage au c\u0153ur du Br\u00e9sil : S\u00e3o Paulo, Amazonie, Igua\u00e7u et Rio de Janeiro - Blog activetravel<\/title>\n<meta name=\"robots\" content=\"index, follow, max-snippet:-1, max-image-preview:large, max-video-preview:-1\" \/>\n<link rel=\"canonical\" href=\"https:\/\/blog.activetravel.com.tn\/index.php\/2025\/09\/18\/voyage-au-coeur-du-bresil-sao-paulo-amazonie-iguacu-et-rio-de-janeiro\/\" \/>\n<meta property=\"og:locale\" content=\"fr_FR\" \/>\n<meta property=\"og:type\" content=\"article\" \/>\n<meta property=\"og:title\" content=\"Voyage au c\u0153ur du Br\u00e9sil : S\u00e3o Paulo, Amazonie, Igua\u00e7u et Rio de Janeiro - Blog activetravel\" \/>\n<meta property=\"og:description\" content=\"D\u00e9couvrir le Br\u00e9sil, c\u2019est s\u2019offrir un voyage entre modernit\u00e9, nature sauvage et rythmes tropicaux. Avec un voyage organis\u00e9 au Br\u00e9sil, vous explorez les sites embl\u00e9matiques de ce pays fascinant\u00a0: du dynamisme de S\u00e3o Paulo \u00e0 la jungle amazonienne de Manaus, en passant par les impressionnantes chutes d\u2019Igua\u00e7u et l\u2019effervescence de Rio de Janeiro\u00a0! Ce circuit [&hellip;]\" \/>\n<meta property=\"og:url\" content=\"https:\/\/blog.activetravel.com.tn\/index.php\/2025\/09\/18\/voyage-au-coeur-du-bresil-sao-paulo-amazonie-iguacu-et-rio-de-janeiro\/\" \/>\n<meta property=\"og:site_name\" content=\"Blog activetravel\" \/>\n<meta property=\"article:published_time\" content=\"2025-09-18T13:12:41+00:00\" \/>\n<meta property=\"article:modified_time\" content=\"2025-09-18T13:31:39+00:00\" \/>\n<meta property=\"og:image\" content=\"https:\/\/blog.activetravel.com.tn\/wp-content\/uploads\/2025\/09\/Voyage-Bresil-Tunisie3.jpg\" \/>\n\t<meta property=\"og:image:width\" content=\"900\" \/>\n\t<meta property=\"og:image:height\" content=\"600\" \/>\n\t<meta property=\"og:image:type\" content=\"image\/jpeg\" \/>\n<meta name=\"author\" content=\"user-activetravel\" \/>\n<meta name=\"twitter:card\" content=\"summary_large_image\" \/>\n<meta name=\"twitter:label1\" content=\"\u00c9crit par\" \/>\n\t<meta name=\"twitter:data1\" content=\"user-activetravel\" \/>\n\t<meta name=\"twitter:label2\" content=\"Dur\u00e9e de lecture estim\u00e9e\" \/>\n\t<meta name=\"twitter:data2\" content=\"5 minutes\" \/>\n<script type=\"application\/ld+json\" class=\"yoast-schema-graph\">{\"@context\":\"https:\/\/schema.org\",\"@graph\":[{\"@type\":\"WebPage\",\"@id\":\"https:\/\/blog.activetravel.com.tn\/index.php\/2025\/09\/18\/voyage-au-coeur-du-bresil-sao-paulo-amazonie-iguacu-et-rio-de-janeiro\/\",\"url\":\"https:\/\/blog.activetravel.com.tn\/index.php\/2025\/09\/18\/voyage-au-coeur-du-bresil-sao-paulo-amazonie-iguacu-et-rio-de-janeiro\/\",\"name\":\"Voyage au c\u0153ur du Br\u00e9sil : S\u00e3o Paulo, Amazonie, Igua\u00e7u et Rio de Janeiro - Blog activetravel\",\"isPartOf\":{\"@id\":\"https:\/\/blog.activetravel.com.tn\/#website\"},\"datePublished\":\"2025-09-18T13:12:41+00:00\",\"dateModified\":\"2025-09-18T13:31:39+00:00\",\"author\":{\"@id\":\"https:\/\/blog.activetravel.com.tn\/#\/schema\/person\/efed5c7d1e7a3d6a9f27c0064001a4ab\"},\"breadcrumb\":{\"@id\":\"https:\/\/blog.activetravel.com.tn\/index.php\/2025\/09\/18\/voyage-au-coeur-du-bresil-sao-paulo-amazonie-iguacu-et-rio-de-janeiro\/#breadcrumb\"},\"inLanguage\":\"fr-FR\",\"potentialAction\":[{\"@type\":\"ReadAction\",\"target\":[\"https:\/\/blog.activetravel.com.tn\/index.php\/2025\/09\/18\/voyage-au-coeur-du-bresil-sao-paulo-amazonie-iguacu-et-rio-de-janeiro\/\"]}]},{\"@type\":\"BreadcrumbList\",\"@id\":\"https:\/\/blog.activetravel.com.tn\/index.php\/2025\/09\/18\/voyage-au-coeur-du-bresil-sao-paulo-amazonie-iguacu-et-rio-de-janeiro\/#breadcrumb\",\"itemListElement\":[{\"@type\":\"ListItem\",\"position\":1,\"name\":\"Accueil\",\"item\":\"https:\/\/blog.activetravel.com.tn\/\"},{\"@type\":\"ListItem\",\"position\":2,\"name\":\"Voyage au c\u0153ur du Br\u00e9sil : S\u00e3o Paulo, Amazonie, Igua\u00e7u et Rio de Janeiro\"}]},{\"@type\":\"WebSite\",\"@id\":\"https:\/\/blog.activetravel.com.tn\/#website\",\"url\":\"https:\/\/blog.activetravel.com.tn\/\",\"name\":\"Blog activetravel\",\"description\":\"Agence de voyage Tunisie : R\u00e9servation h\u00f4tels chez Active Travel, la meilleure agence de voyages Tunisie.\",\"potentialAction\":[{\"@type\":\"SearchAction\",\"target\":{\"@type\":\"EntryPoint\",\"urlTemplate\":\"https:\/\/blog.activetravel.com.tn\/?s={search_term_string}\"},\"query-input\":\"required name=search_term_string\"}],\"inLanguage\":\"fr-FR\"},{\"@type\":\"Person\",\"@id\":\"https:\/\/blog.activetravel.com.tn\/#\/schema\/person\/efed5c7d1e7a3d6a9f27c0064001a4ab\",\"name\":\"user-activetravel\",\"image\":{\"@type\":\"ImageObject\",\"inLanguage\":\"fr-FR\",\"@id\":\"https:\/\/blog.activetravel.com.tn\/#\/schema\/person\/image\/\",\"url\":\"https:\/\/secure.gravatar.com\/avatar\/d4ee43dc1dac7aa76aa54a064263112143b452b30faa743c9e6b972f4d6be826?s=96&d=mm&r=g\",\"contentUrl\":\"https:\/\/secure.gravatar.com\/avatar\/d4ee43dc1dac7aa76aa54a064263112143b452b30faa743c9e6b972f4d6be826?s=96&d=mm&r=g\",\"caption\":\"user-activetravel\"},\"url\":\"https:\/\/blog.activetravel.com.tn\/index.php\/author\/user-activetravel\/\"}]}<\/script>\n<!-- \/ Yoast SEO plugin. -->","yoast_head_json":{"title":"Voyage au c\u0153ur du Br\u00e9sil : S\u00e3o Paulo, Amazonie, Igua\u00e7u et Rio de Janeiro - Blog activetravel","robots":{"index":"index","follow":"follow","max-snippet":"max-snippet:-1","max-image-preview":"max-image-preview:large","max-video-preview":"max-video-preview:-1"},"canonical":"https:\/\/blog.activetravel.com.tn\/index.php\/2025\/09\/18\/voyage-au-coeur-du-bresil-sao-paulo-amazonie-iguacu-et-rio-de-janeiro\/","og_locale":"fr_FR","og_type":"article","og_title":"Voyage au c\u0153ur du Br\u00e9sil : S\u00e3o Paulo, Amazonie, Igua\u00e7u et Rio de Janeiro - Blog activetravel","og_description":"D\u00e9couvrir le Br\u00e9sil, c\u2019est s\u2019offrir un voyage entre modernit\u00e9, nature sauvage et rythmes tropicaux. Avec un voyage organis\u00e9 au Br\u00e9sil, vous explorez les sites embl\u00e9matiques de ce pays fascinant\u00a0: du dynamisme de S\u00e3o Paulo \u00e0 la jungle amazonienne de Manaus, en passant par les impressionnantes chutes d\u2019Igua\u00e7u et l\u2019effervescence de Rio de Janeiro\u00a0! Ce circuit [&hellip;]","og_url":"https:\/\/blog.activetravel.com.tn\/index.php\/2025\/09\/18\/voyage-au-coeur-du-bresil-sao-paulo-amazonie-iguacu-et-rio-de-janeiro\/","og_site_name":"Blog activetravel","article_published_time":"2025-09-18T13:12:41+00:00","article_modified_time":"2025-09-18T13:31:39+00:00","og_image":[{"width":900,"height":600,"url":"https:\/\/blog.activetravel.com.tn\/wp-content\/uploads\/2025\/09\/Voyage-Bresil-Tunisie3.jpg","type":"image\/jpeg"}],"author":"user-activetravel","twitter_card":"summary_large_image","twitter_misc":{"\u00c9crit par":"user-activetravel","Dur\u00e9e de lecture estim\u00e9e":"5 minutes"},"schema":{"@context":"https:\/\/schema.org","@graph":[{"@type":"WebPage","@id":"https:\/\/blog.activetravel.com.tn\/index.php\/2025\/09\/18\/voyage-au-coeur-du-bresil-sao-paulo-amazonie-iguacu-et-rio-de-janeiro\/","url":"https:\/\/blog.activetravel.com.tn\/index.php\/2025\/09\/18\/voyage-au-coeur-du-bresil-sao-paulo-amazonie-iguacu-et-rio-de-janeiro\/","name":"Voyage au c\u0153ur du Br\u00e9sil : S\u00e3o Paulo, Amazonie, Igua\u00e7u et Rio de Janeiro - Blog activetravel","isPartOf":{"@id":"https:\/\/blog.activetravel.com.tn\/#website"},"datePublished":"2025-09-18T13:12:41+00:00","dateModified":"2025-09-18T13:31:39+00:00","author":{"@id":"https:\/\/blog.activetravel.com.tn\/#\/schema\/person\/efed5c7d1e7a3d6a9f27c0064001a4ab"},"breadcrumb":{"@id":"https:\/\/blog.activetravel.com.tn\/index.php\/2025\/09\/18\/voyage-au-coeur-du-bresil-sao-paulo-amazonie-iguacu-et-rio-de-janeiro\/#breadcrumb"},"inLanguage":"fr-FR","potentialAction":[{"@type":"ReadAction","target":["https:\/\/blog.activetravel.com.tn\/index.php\/2025\/09\/18\/voyage-au-coeur-du-bresil-sao-paulo-amazonie-iguacu-et-rio-de-janeiro\/"]}]},{"@type":"BreadcrumbList","@id":"https:\/\/blog.activetravel.com.tn\/index.php\/2025\/09\/18\/voyage-au-coeur-du-bresil-sao-paulo-amazonie-iguacu-et-rio-de-janeiro\/#breadcrumb","itemListElement":[{"@type":"ListItem","position":1,"name":"Accueil","item":"https:\/\/blog.activetravel.com.tn\/"},{"@type":"ListItem","position":2,"name":"Voyage au c\u0153ur du Br\u00e9sil : S\u00e3o Paulo, Amazonie, Igua\u00e7u et Rio de Janeiro"}]},{"@type":"WebSite","@id":"https:\/\/blog.activetravel.com.tn\/#website","url":"https:\/\/blog.activetravel.com.tn\/","name":"Blog activetravel","description":"Agence de voyage Tunisie : R\u00e9servation h\u00f4tels chez Active Travel, la meilleure agence de voyages Tunisie.","potentialAction":[{"@type":"SearchAction","target":{"@type":"EntryPoint","urlTemplate":"https:\/\/blog.activetravel.com.tn\/?s={search_term_string}"},"query-input":"required name=search_term_string"}],"inLanguage":"fr-FR"},{"@type":"Person","@id":"https:\/\/blog.activetravel.com.tn\/#\/schema\/person\/efed5c7d1e7a3d6a9f27c0064001a4ab","name":"user-activetravel","image":{"@type":"ImageObject","inLanguage":"fr-FR","@id":"https:\/\/blog.activetravel.com.tn\/#\/schema\/person\/image\/","url":"https:\/\/secure.gravatar.com\/avatar\/d4ee43dc1dac7aa76aa54a064263112143b452b30faa743c9e6b972f4d6be826?s=96&d=mm&r=g","contentUrl":"https:\/\/secure.gravatar.com\/avatar\/d4ee43dc1dac7aa76aa54a064263112143b452b30faa743c9e6b972f4d6be826?s=96&d=mm&r=g","caption":"user-activetravel"},"url":"https:\/\/blog.activetravel.com.tn\/index.php\/author\/user-activetravel\/"}]}},"jetpack_featured_media_url":"https:\/\/blog.activetravel.com.tn\/wp-content\/uploads\/2025\/09\/Voyage-Bresil-Tunisie3.jpg","jetpack_sharing_enabled":true,"_links":{"self":[{"href":"https:\/\/blog.activetravel.com.tn\/index.php\/wp-json\/wp\/v2\/posts\/5510","targetHints":{"allow":["GET"]}}],"collection":[{"href":"https:\/\/blog.activetravel.com.tn\/index.php\/wp-json\/wp\/v2\/posts"}],"about":[{"href":"https:\/\/blog.activetravel.com.tn\/index.php\/wp-json\/wp\/v2\/types\/post"}],"author":[{"embeddable":true,"href":"https:\/\/blog.activetravel.com.tn\/index.php\/wp-json\/wp\/v2\/users\/4"}],"replies":[{"embeddable":true,"href":"https:\/\/blog.activetravel.com.tn\/index.php\/wp-json\/wp\/v2\/comments?post=5510"}],"version-history":[{"count":30,"href":"https:\/\/blog.activetravel.com.tn\/index.php\/wp-json\/wp\/v2\/posts\/5510\/revisions"}],"predecessor-version":[{"id":5546,"href":"https:\/\/blog.activetravel.com.tn\/index.php\/wp-json\/wp\/v2\/posts\/5510\/revisions\/5546"}],"wp:featuredmedia":[{"embeddable":true,"href":"https:\/\/blog.activetravel.com.tn\/index.php\/wp-json\/wp\/v2\/media\/5534"}],"wp:attachment":[{"href":"https:\/\/blog.activetravel.com.tn\/index.php\/wp-json\/wp\/v2\/media?parent=5510"}],"wp:term":[{"taxonomy":"category","embeddable":true,"href":"https:\/\/blog.activetravel.com.tn\/index.php\/wp-json\/wp\/v2\/categories?post=5510"},{"taxonomy":"post_tag","embeddable":true,"href":"https:\/\/blog.activetravel.com.tn\/index.php\/wp-json\/wp\/v2\/tags?post=5510"}],"curies":[{"name":"wp","href":"https:\/\/api.w.org\/{rel}","templated":true}]}}