{"id":5426,"date":"2025-06-17T14:49:18","date_gmt":"2025-06-17T12:49:18","guid":{"rendered":"https:\/\/blog.activetravel.com.tn\/?p=5426"},"modified":"2025-06-17T14:59:43","modified_gmt":"2025-06-17T12:59:43","slug":"andalousie-royale-un-voyage-organise-au-coeur-de-lespagne-imperiale","status":"publish","type":"post","link":"https:\/\/blog.activetravel.com.tn\/index.php\/2025\/06\/17\/andalousie-royale-un-voyage-organise-au-coeur-de-lespagne-imperiale\/","title":{"rendered":"Andalousie Royale  Un voyage organis\u00e9 au c\u0153ur de l\u2019Espagne imp\u00e9riale"},"content":{"rendered":"\t\t<div data-elementor-type=\"wp-post\" data-elementor-id=\"5426\" class=\"elementor elementor-5426\">\n\t\t\t\t\t\t<div class=\"elementor-inner\">\n\t\t\t\t<div class=\"elementor-section-wrap\">\n\t\t\t\t\t\t\t\t\t<section class=\"elementor-section elementor-top-section elementor-element elementor-element-4060ecd elementor-section-boxed elementor-section-height-default elementor-section-height-default\" data-id=\"4060ecd\" data-element_type=\"section\">\n\t\t\t\t\t\t<div class=\"elementor-container elementor-column-gap-default\">\n\t\t\t\t\t\t\t<div class=\"elementor-row\">\n\t\t\t\t\t<div class=\"elementor-column elementor-col-25 elementor-top-column elementor-element elementor-element-75b17e2\" data-id=\"75b17e2\" data-element_type=\"column\">\n\t\t\t<div class=\"elementor-column-wrap elementor-element-populated\">\n\t\t\t\t\t\t\t<div class=\"elementor-widget-wrap\">\n\t\t\t\t\t\t<div class=\"elementor-element elementor-element-d3abf66 elementor-widget elementor-widget-image\" data-id=\"d3abf66\" data-element_type=\"widget\" data-widget_type=\"image.default\">\n\t\t\t\t<div class=\"elementor-widget-container\">\n\t\t\t<style>\/*! elementor - v3.16.0 - 13-09-2023 *\/\n.elementor-widget-image{text-align:center}.elementor-widget-image a{display:inline-block}.elementor-widget-image a img[src$=\".svg\"]{width:48px}.elementor-widget-image img{vertical-align:middle;display:inline-block}<\/style>\t\t\t\t\t<div class=\"elementor-image\">\n\t\t\t\t\t\t\t\t\t\t\t\t<img loading=\"lazy\" decoding=\"async\" width=\"860\" height=\"573\" src=\"https:\/\/blog.activetravel.com.tn\/wp-content\/uploads\/2025\/06\/voyage-espagne.jpg\" class=\"attachment-large size-large wp-image-5451\" alt=\"\" \/>\t\t\t\t\t\t\t\t\t\t\t\t\t\t<\/div>\n\t\t\t\t\t\t<\/div>\n\t\t\t\t<\/div>\n\t\t\t\t\t\t<\/div>\n\t\t\t\t\t<\/div>\n\t\t<\/div>\n\t\t\t\t<div class=\"elementor-column elementor-col-25 elementor-top-column elementor-element elementor-element-39a4910\" data-id=\"39a4910\" data-element_type=\"column\">\n\t\t\t<div class=\"elementor-column-wrap elementor-element-populated\">\n\t\t\t\t\t\t\t<div class=\"elementor-widget-wrap\">\n\t\t\t\t\t\t<div class=\"elementor-element elementor-element-26c8309 elementor-widget elementor-widget-image\" data-id=\"26c8309\" data-element_type=\"widget\" data-widget_type=\"image.default\">\n\t\t\t\t<div class=\"elementor-widget-container\">\n\t\t\t\t\t\t\t\t<div class=\"elementor-image\">\n\t\t\t\t\t\t\t\t\t\t\t\t<img loading=\"lazy\" decoding=\"async\" width=\"860\" height=\"573\" src=\"https:\/\/blog.activetravel.com.tn\/wp-content\/uploads\/2025\/06\/voyage-espagne2.jpg\" class=\"attachment-large size-large wp-image-5452\" alt=\"\" \/>\t\t\t\t\t\t\t\t\t\t\t\t\t\t<\/div>\n\t\t\t\t\t\t<\/div>\n\t\t\t\t<\/div>\n\t\t\t\t\t\t<\/div>\n\t\t\t\t\t<\/div>\n\t\t<\/div>\n\t\t\t\t<div class=\"elementor-column elementor-col-25 elementor-top-column elementor-element elementor-element-010c9d0\" data-id=\"010c9d0\" data-element_type=\"column\">\n\t\t\t<div class=\"elementor-column-wrap elementor-element-populated\">\n\t\t\t\t\t\t\t<div class=\"elementor-widget-wrap\">\n\t\t\t\t\t\t<div class=\"elementor-element elementor-element-70eb241 elementor-widget elementor-widget-image\" data-id=\"70eb241\" data-element_type=\"widget\" data-widget_type=\"image.default\">\n\t\t\t\t<div class=\"elementor-widget-container\">\n\t\t\t\t\t\t\t\t<div class=\"elementor-image\">\n\t\t\t\t\t\t\t\t\t\t\t\t<img loading=\"lazy\" decoding=\"async\" width=\"860\" height=\"573\" src=\"https:\/\/blog.activetravel.com.tn\/wp-content\/uploads\/2025\/06\/voyage-espagne3.jpg\" class=\"attachment-large size-large wp-image-5453\" alt=\"\" \/>\t\t\t\t\t\t\t\t\t\t\t\t\t\t<\/div>\n\t\t\t\t\t\t<\/div>\n\t\t\t\t<\/div>\n\t\t\t\t\t\t<\/div>\n\t\t\t\t\t<\/div>\n\t\t<\/div>\n\t\t\t\t<div class=\"elementor-column elementor-col-25 elementor-top-column elementor-element elementor-element-05c4620\" data-id=\"05c4620\" data-element_type=\"column\">\n\t\t\t<div class=\"elementor-column-wrap elementor-element-populated\">\n\t\t\t\t\t\t\t<div class=\"elementor-widget-wrap\">\n\t\t\t\t\t\t<div class=\"elementor-element elementor-element-e3f494b elementor-widget elementor-widget-image\" data-id=\"e3f494b\" data-element_type=\"widget\" data-widget_type=\"image.default\">\n\t\t\t\t<div class=\"elementor-widget-container\">\n\t\t\t\t\t\t\t\t<div class=\"elementor-image\">\n\t\t\t\t\t\t\t\t\t\t\t\t<img loading=\"lazy\" decoding=\"async\" width=\"860\" height=\"573\" src=\"https:\/\/blog.activetravel.com.tn\/wp-content\/uploads\/2025\/06\/voyage-espagne4.jpg\" class=\"attachment-large size-large wp-image-5454\" alt=\"\" \/>\t\t\t\t\t\t\t\t\t\t\t\t\t\t<\/div>\n\t\t\t\t\t\t<\/div>\n\t\t\t\t<\/div>\n\t\t\t\t\t\t<\/div>\n\t\t\t\t\t<\/div>\n\t\t<\/div>\n\t\t\t\t\t\t\t\t<\/div>\n\t\t\t\t\t<\/div>\n\t\t<\/section>\n\t\t\t\t<section class=\"elementor-section elementor-top-section elementor-element elementor-element-c4faa40 elementor-section-boxed elementor-section-height-default elementor-section-height-default\" data-id=\"c4faa40\" data-element_type=\"section\">\n\t\t\t\t\t\t<div class=\"elementor-container elementor-column-gap-default\">\n\t\t\t\t\t\t\t<div class=\"elementor-row\">\n\t\t\t\t\t<div class=\"elementor-column elementor-col-100 elementor-top-column elementor-element elementor-element-b3de61d\" data-id=\"b3de61d\" data-element_type=\"column\">\n\t\t\t<div class=\"elementor-column-wrap elementor-element-populated\">\n\t\t\t\t\t\t\t<div class=\"elementor-widget-wrap\">\n\t\t\t\t\t\t<div class=\"elementor-element elementor-element-7850682 elementor-widget elementor-widget-text-editor\" data-id=\"7850682\" data-element_type=\"widget\" data-widget_type=\"text-editor.default\">\n\t\t\t\t<div class=\"elementor-widget-container\">\n\t\t\t<style>\/*! elementor - v3.16.0 - 13-09-2023 *\/\n.elementor-widget-text-editor.elementor-drop-cap-view-stacked .elementor-drop-cap{background-color:#69727d;color:#fff}.elementor-widget-text-editor.elementor-drop-cap-view-framed .elementor-drop-cap{color:#69727d;border:3px solid;background-color:transparent}.elementor-widget-text-editor:not(.elementor-drop-cap-view-default) .elementor-drop-cap{margin-top:8px}.elementor-widget-text-editor:not(.elementor-drop-cap-view-default) .elementor-drop-cap-letter{width:1em;height:1em}.elementor-widget-text-editor .elementor-drop-cap{float:left;text-align:center;line-height:1;font-size:50px}.elementor-widget-text-editor .elementor-drop-cap-letter{display:inline-block}<\/style>\t\t\t\t\t<div class=\"elementor-text-editor elementor-clearfix\">\n\t\t\t\tL\u2019Andalousie est une terre de contrastes, de culture et de passion. De Madrid \u00e0 Tol\u00e8de, en passant par Cordoue, S\u00e9ville et Grenade, chaque ville d\u00e9voile une facette fascinante de l\u2019histoire espagnole.\n\nCe <strong><a href=\"https:\/\/activetravel.com.tn\/voyage-organise\/etape1\/Details\/ESPAGNE\/Andalousie-Royale?success_redirect_url=wk%2BhwvZogNduEaKpnmLe2sPRqhqCV1pccxFK8E5g%2BkUS45QoI5XHFa90ywG%2B3QikyCdpvS%2Fz%2BcOmdEAvNa3Xwg%3D%3D\">voyage organis\u00e9<\/a><\/strong> \u00e0 travers l\u2019Andalousie Royale vous invite \u00e0 vivre une exp\u00e9rience unique, entre palais mauresques, cath\u00e9drales gothiques, ruelles anim\u00e9es et paysages envo\u00fbtants. Parfaitement con\u00e7u pour allier confort, d\u00e9couvertes culturelles et moments de d\u00e9tente, ce circuit s\u00e9duira les amoureux d\u2019histoire, d\u2019art et de gastronomie.\t\t\t\t\t<\/div>\n\t\t\t\t\t\t<\/div>\n\t\t\t\t<\/div>\n\t\t\t\t\t\t<\/div>\n\t\t\t\t\t<\/div>\n\t\t<\/div>\n\t\t\t\t\t\t\t\t<\/div>\n\t\t\t\t\t<\/div>\n\t\t<\/section>\n\t\t\t\t<section class=\"elementor-section elementor-top-section elementor-element elementor-element-5aadc7b elementor-section-boxed elementor-section-height-default elementor-section-height-default\" data-id=\"5aadc7b\" data-element_type=\"section\">\n\t\t\t\t\t\t<div class=\"elementor-container elementor-column-gap-default\">\n\t\t\t\t\t\t\t<div class=\"elementor-row\">\n\t\t\t\t\t<div class=\"elementor-column elementor-col-100 elementor-top-column elementor-element elementor-element-32bb6e2\" data-id=\"32bb6e2\" data-element_type=\"column\">\n\t\t\t<div class=\"elementor-column-wrap elementor-element-populated\">\n\t\t\t\t\t\t\t<div class=\"elementor-widget-wrap\">\n\t\t\t\t\t\t<div class=\"elementor-element elementor-element-7edb370 elementor-widget elementor-widget-heading\" data-id=\"7edb370\" data-element_type=\"widget\" data-widget_type=\"heading.default\">\n\t\t\t\t<div class=\"elementor-widget-container\">\n\t\t\t<style>\/*! elementor - v3.16.0 - 13-09-2023 *\/\n.elementor-heading-title{padding:0;margin:0;line-height:1}.elementor-widget-heading .elementor-heading-title[class*=elementor-size-]>a{color:inherit;font-size:inherit;line-height:inherit}.elementor-widget-heading .elementor-heading-title.elementor-size-small{font-size:15px}.elementor-widget-heading .elementor-heading-title.elementor-size-medium{font-size:19px}.elementor-widget-heading .elementor-heading-title.elementor-size-large{font-size:29px}.elementor-widget-heading .elementor-heading-title.elementor-size-xl{font-size:39px}.elementor-widget-heading .elementor-heading-title.elementor-size-xxl{font-size:59px}<\/style><h2 class=\"elementor-heading-title elementor-size-default\">Bienvenue \u00e0 Madrid, capitale vibrante et \u00e9l\u00e9gante<\/h2>\t\t<\/div>\n\t\t\t\t<\/div>\n\t\t\t\t\t\t<\/div>\n\t\t\t\t\t<\/div>\n\t\t<\/div>\n\t\t\t\t\t\t\t\t<\/div>\n\t\t\t\t\t<\/div>\n\t\t<\/section>\n\t\t\t\t<section class=\"elementor-section elementor-top-section elementor-element elementor-element-ecd02fe elementor-section-boxed elementor-section-height-default elementor-section-height-default\" data-id=\"ecd02fe\" data-element_type=\"section\">\n\t\t\t\t\t\t<div class=\"elementor-container elementor-column-gap-default\">\n\t\t\t\t\t\t\t<div class=\"elementor-row\">\n\t\t\t\t\t<div class=\"elementor-column elementor-col-100 elementor-top-column elementor-element elementor-element-4eb9609\" data-id=\"4eb9609\" data-element_type=\"column\">\n\t\t\t<div class=\"elementor-column-wrap elementor-element-populated\">\n\t\t\t\t\t\t\t<div class=\"elementor-widget-wrap\">\n\t\t\t\t\t\t<div class=\"elementor-element elementor-element-953e153 elementor-widget elementor-widget-text-editor\" data-id=\"953e153\" data-element_type=\"widget\" data-widget_type=\"text-editor.default\">\n\t\t\t\t<div class=\"elementor-widget-container\">\n\t\t\t\t\t\t\t\t<div class=\"elementor-text-editor elementor-clearfix\">\n\t\t\t\t<p>Point de d\u00e9part de ce <strong>voyage organis\u00e9<\/strong>, Madrid vous accueille avec son \u00e9nergie moderne et son patrimoine exceptionnel.<\/p><p>D\u00e8s votre arriv\u00e9e, vous serez plong\u00e9 dans une atmosph\u00e8re \u00e9l\u00e9gante, entre larges avenues, places majestueuses et mus\u00e9es mondialement connus. Ne manquez pas le Palais Royal, r\u00e9sidence officielle du roi d\u2019Espagne, ainsi que la c\u00e9l\u00e8bre Plaza Mayor. Le mus\u00e9e du Prado, joyau artistique, abrite des chefs-d\u2019\u0153uvre de Goya, Vel\u00e1zquez et El Greco. Le soir, profitez d\u2019un d\u00eener convivial pour go\u00fbter aux sp\u00e9cialit\u00e9s locales comme la tortilla, les croquetas ou le fameux jambon ib\u00e9rique.<\/p>\t\t\t\t\t<\/div>\n\t\t\t\t\t\t<\/div>\n\t\t\t\t<\/div>\n\t\t\t\t\t\t<\/div>\n\t\t\t\t\t<\/div>\n\t\t<\/div>\n\t\t\t\t\t\t\t\t<\/div>\n\t\t\t\t\t<\/div>\n\t\t<\/section>\n\t\t\t\t<section class=\"elementor-section elementor-top-section elementor-element elementor-element-4a19930 elementor-section-boxed elementor-section-height-default elementor-section-height-default\" data-id=\"4a19930\" data-element_type=\"section\">\n\t\t\t\t\t\t<div class=\"elementor-container elementor-column-gap-default\">\n\t\t\t\t\t\t\t<div class=\"elementor-row\">\n\t\t\t\t\t<div class=\"elementor-column elementor-col-100 elementor-top-column elementor-element elementor-element-1f5a041\" data-id=\"1f5a041\" data-element_type=\"column\">\n\t\t\t<div class=\"elementor-column-wrap elementor-element-populated\">\n\t\t\t\t\t\t\t<div class=\"elementor-widget-wrap\">\n\t\t\t\t\t\t<div class=\"elementor-element elementor-element-ece1deb elementor-widget elementor-widget-heading\" data-id=\"ece1deb\" data-element_type=\"widget\" data-widget_type=\"heading.default\">\n\t\t\t\t<div class=\"elementor-widget-container\">\n\t\t\t<h2 class=\"elementor-heading-title elementor-size-default\">Cordoue, l\u2019h\u00e9ritage d\u2019Al-Andalus<\/h2>\t\t<\/div>\n\t\t\t\t<\/div>\n\t\t\t\t\t\t<\/div>\n\t\t\t\t\t<\/div>\n\t\t<\/div>\n\t\t\t\t\t\t\t\t<\/div>\n\t\t\t\t\t<\/div>\n\t\t<\/section>\n\t\t\t\t<section class=\"elementor-section elementor-top-section elementor-element elementor-element-b9d6af5 elementor-section-boxed elementor-section-height-default elementor-section-height-default\" data-id=\"b9d6af5\" data-element_type=\"section\">\n\t\t\t\t\t\t<div class=\"elementor-container elementor-column-gap-default\">\n\t\t\t\t\t\t\t<div class=\"elementor-row\">\n\t\t\t\t\t<div class=\"elementor-column elementor-col-100 elementor-top-column elementor-element elementor-element-a81f2f4\" data-id=\"a81f2f4\" data-element_type=\"column\">\n\t\t\t<div class=\"elementor-column-wrap elementor-element-populated\">\n\t\t\t\t\t\t\t<div class=\"elementor-widget-wrap\">\n\t\t\t\t\t\t<div class=\"elementor-element elementor-element-351aa93 elementor-widget elementor-widget-text-editor\" data-id=\"351aa93\" data-element_type=\"widget\" data-widget_type=\"text-editor.default\">\n\t\t\t\t<div class=\"elementor-widget-container\">\n\t\t\t\t\t\t\t\t<div class=\"elementor-text-editor elementor-clearfix\">\n\t\t\t\t<p>Apr\u00e8s Madrid, cap vers le sud pour rejoindre Cordoue, ancienne capitale du califat d\u2019Al-Andalus.<\/p><p>La ville incarne \u00e0 merveille la richesse du m\u00e9tissage culturel entre monde musulman, juif et chr\u00e9tien. La visite de la c\u00e9l\u00e8bre Mosqu\u00e9e-Cath\u00e9drale de Cordoue (la Mezquita) est l\u2019un des temps forts du <strong>voyage organis\u00e9<\/strong>. Ce chef-d\u2019\u0153uvre architectural m\u00eale harmonieusement arcs en fer \u00e0 cheval islamiques et chapelles chr\u00e9tiennes. Fl\u00e2nez ensuite dans le quartier juif (la Juder\u00eda), avec ses ruelles fleuries et ses patios typiques.<\/p>\t\t\t\t\t<\/div>\n\t\t\t\t\t\t<\/div>\n\t\t\t\t<\/div>\n\t\t\t\t\t\t<\/div>\n\t\t\t\t\t<\/div>\n\t\t<\/div>\n\t\t\t\t\t\t\t\t<\/div>\n\t\t\t\t\t<\/div>\n\t\t<\/section>\n\t\t\t\t<section class=\"elementor-section elementor-top-section elementor-element elementor-element-cfcd7e3 elementor-section-boxed elementor-section-height-default elementor-section-height-default\" data-id=\"cfcd7e3\" data-element_type=\"section\">\n\t\t\t\t\t\t<div class=\"elementor-container elementor-column-gap-default\">\n\t\t\t\t\t\t\t<div class=\"elementor-row\">\n\t\t\t\t\t<div class=\"elementor-column elementor-col-100 elementor-top-column elementor-element elementor-element-989670f\" data-id=\"989670f\" data-element_type=\"column\">\n\t\t\t<div class=\"elementor-column-wrap elementor-element-populated\">\n\t\t\t\t\t\t\t<div class=\"elementor-widget-wrap\">\n\t\t\t\t\t\t<div class=\"elementor-element elementor-element-40539c4 elementor-widget elementor-widget-heading\" data-id=\"40539c4\" data-element_type=\"widget\" data-widget_type=\"heading.default\">\n\t\t\t\t<div class=\"elementor-widget-container\">\n\t\t\t<h2 class=\"elementor-heading-title elementor-size-default\">S\u00e9ville, la perle andalouse<\/h2>\t\t<\/div>\n\t\t\t\t<\/div>\n\t\t\t\t\t\t<\/div>\n\t\t\t\t\t<\/div>\n\t\t<\/div>\n\t\t\t\t\t\t\t\t<\/div>\n\t\t\t\t\t<\/div>\n\t\t<\/section>\n\t\t\t\t<section class=\"elementor-section elementor-top-section elementor-element elementor-element-83c9faf elementor-section-boxed elementor-section-height-default elementor-section-height-default\" data-id=\"83c9faf\" data-element_type=\"section\">\n\t\t\t\t\t\t<div class=\"elementor-container elementor-column-gap-default\">\n\t\t\t\t\t\t\t<div class=\"elementor-row\">\n\t\t\t\t\t<div class=\"elementor-column elementor-col-100 elementor-top-column elementor-element elementor-element-2ee2c94\" data-id=\"2ee2c94\" data-element_type=\"column\">\n\t\t\t<div class=\"elementor-column-wrap elementor-element-populated\">\n\t\t\t\t\t\t\t<div class=\"elementor-widget-wrap\">\n\t\t\t\t\t\t<div class=\"elementor-element elementor-element-5520ea5 elementor-widget elementor-widget-text-editor\" data-id=\"5520ea5\" data-element_type=\"widget\" data-widget_type=\"text-editor.default\">\n\t\t\t\t<div class=\"elementor-widget-container\">\n\t\t\t\t\t\t\t\t<div class=\"elementor-text-editor elementor-clearfix\">\n\t\t\t\t<p>Capitale de l\u2019Andalousie, S\u00e9ville vous enveloppe de sa chaleur et de son \u00e2me flamenco.<\/p><p>Vous y passerez deux jours riches en \u00e9motions et d\u00e9couvertes. Au programme : la majestueuse cath\u00e9drale et sa Giralda, l\u2019ancien minaret devenu clocher, le palais de l\u2019Alcazar avec ses jardins luxuriants, ainsi que la Place d\u2019Espagne, embl\u00e8me de l\u2019Exposition ib\u00e9ro-am\u00e9ricaine de 1929.<\/p><p>Une promenade en cal\u00e8che ou une croisi\u00e8re sur le Guadalquivir compl\u00e8teront agr\u00e9ablement votre d\u00e9couverte. Ce <strong>voyage organis\u00e9<\/strong> inclut \u00e9galement une soir\u00e9e flamenco pour vibrer au rythme de la guitare et du chant andalou.<\/p>\t\t\t\t\t<\/div>\n\t\t\t\t\t\t<\/div>\n\t\t\t\t<\/div>\n\t\t\t\t\t\t<\/div>\n\t\t\t\t\t<\/div>\n\t\t<\/div>\n\t\t\t\t\t\t\t\t<\/div>\n\t\t\t\t\t<\/div>\n\t\t<\/section>\n\t\t\t\t<section class=\"elementor-section elementor-top-section elementor-element elementor-element-2329b07 elementor-section-boxed elementor-section-height-default elementor-section-height-default\" data-id=\"2329b07\" data-element_type=\"section\">\n\t\t\t\t\t\t<div class=\"elementor-container elementor-column-gap-default\">\n\t\t\t\t\t\t\t<div class=\"elementor-row\">\n\t\t\t\t\t<div class=\"elementor-column elementor-col-100 elementor-top-column elementor-element elementor-element-557c617\" data-id=\"557c617\" data-element_type=\"column\">\n\t\t\t<div class=\"elementor-column-wrap elementor-element-populated\">\n\t\t\t\t\t\t\t<div class=\"elementor-widget-wrap\">\n\t\t\t\t\t\t<div class=\"elementor-element elementor-element-d7e0222 elementor-widget elementor-widget-heading\" data-id=\"d7e0222\" data-element_type=\"widget\" data-widget_type=\"heading.default\">\n\t\t\t\t<div class=\"elementor-widget-container\">\n\t\t\t<h2 class=\"elementor-heading-title elementor-size-default\">Grenade, entre myst\u00e8re et splendeur<\/h2>\t\t<\/div>\n\t\t\t\t<\/div>\n\t\t\t\t\t\t<\/div>\n\t\t\t\t\t<\/div>\n\t\t<\/div>\n\t\t\t\t\t\t\t\t<\/div>\n\t\t\t\t\t<\/div>\n\t\t<\/section>\n\t\t\t\t<section class=\"elementor-section elementor-top-section elementor-element elementor-element-ff2dd02 elementor-section-boxed elementor-section-height-default elementor-section-height-default\" data-id=\"ff2dd02\" data-element_type=\"section\">\n\t\t\t\t\t\t<div class=\"elementor-container elementor-column-gap-default\">\n\t\t\t\t\t\t\t<div class=\"elementor-row\">\n\t\t\t\t\t<div class=\"elementor-column elementor-col-100 elementor-top-column elementor-element elementor-element-adf2c7f\" data-id=\"adf2c7f\" data-element_type=\"column\">\n\t\t\t<div class=\"elementor-column-wrap elementor-element-populated\">\n\t\t\t\t\t\t\t<div class=\"elementor-widget-wrap\">\n\t\t\t\t\t\t<div class=\"elementor-element elementor-element-496ccb9 elementor-widget elementor-widget-text-editor\" data-id=\"496ccb9\" data-element_type=\"widget\" data-widget_type=\"text-editor.default\">\n\t\t\t\t<div class=\"elementor-widget-container\">\n\t\t\t\t\t\t\t\t<div class=\"elementor-text-editor elementor-clearfix\">\n\t\t\t\t<p>Poursuivez votre immersion dans l\u2019histoire andalouse avec Grenade, joyau de l\u2019\u00e9poque nasride.<\/p><p>La visite de l\u2019Alhambra, v\u00e9ritable palais des mille et une nuits, est un moment inoubliable. Jardins, patios, fontaines et d\u00e9licates arabesques t\u00e9moignent du raffinement de la civilisation musulmane en Espagne. Le quartier de l\u2019Albaic\u00edn, class\u00e9 au patrimoine mondial, offre une vue spectaculaire sur l\u2019Alhambra depuis le mirador de San Nicol\u00e1s.<\/p><p>Ce voyage vous laisse \u00e9galement du temps libre pour savourer un th\u00e9 \u00e0 la menthe dans un salon de th\u00e9 mauresque ou explorer les bains arabes traditionnels.<\/p>\t\t\t\t\t<\/div>\n\t\t\t\t\t\t<\/div>\n\t\t\t\t<\/div>\n\t\t\t\t\t\t<\/div>\n\t\t\t\t\t<\/div>\n\t\t<\/div>\n\t\t\t\t\t\t\t\t<\/div>\n\t\t\t\t\t<\/div>\n\t\t<\/section>\n\t\t\t\t<section class=\"elementor-section elementor-top-section elementor-element elementor-element-e83e0cf elementor-section-boxed elementor-section-height-default elementor-section-height-default\" data-id=\"e83e0cf\" data-element_type=\"section\">\n\t\t\t\t\t\t<div class=\"elementor-container elementor-column-gap-default\">\n\t\t\t\t\t\t\t<div class=\"elementor-row\">\n\t\t\t\t\t<div class=\"elementor-column elementor-col-100 elementor-top-column elementor-element elementor-element-cf3c2fe\" data-id=\"cf3c2fe\" data-element_type=\"column\">\n\t\t\t<div class=\"elementor-column-wrap elementor-element-populated\">\n\t\t\t\t\t\t\t<div class=\"elementor-widget-wrap\">\n\t\t\t\t\t\t<div class=\"elementor-element elementor-element-01d083f elementor-widget elementor-widget-heading\" data-id=\"01d083f\" data-element_type=\"widget\" data-widget_type=\"heading.default\">\n\t\t\t\t<div class=\"elementor-widget-container\">\n\t\t\t<h2 class=\"elementor-heading-title elementor-size-default\">Tol\u00e8de, ville imp\u00e9riale<\/h2>\t\t<\/div>\n\t\t\t\t<\/div>\n\t\t\t\t\t\t<\/div>\n\t\t\t\t\t<\/div>\n\t\t<\/div>\n\t\t\t\t\t\t\t\t<\/div>\n\t\t\t\t\t<\/div>\n\t\t<\/section>\n\t\t\t\t<section class=\"elementor-section elementor-top-section elementor-element elementor-element-4cfa028 elementor-section-boxed elementor-section-height-default elementor-section-height-default\" data-id=\"4cfa028\" data-element_type=\"section\">\n\t\t\t\t\t\t<div class=\"elementor-container elementor-column-gap-default\">\n\t\t\t\t\t\t\t<div class=\"elementor-row\">\n\t\t\t\t\t<div class=\"elementor-column elementor-col-100 elementor-top-column elementor-element elementor-element-d07b60e\" data-id=\"d07b60e\" data-element_type=\"column\">\n\t\t\t<div class=\"elementor-column-wrap elementor-element-populated\">\n\t\t\t\t\t\t\t<div class=\"elementor-widget-wrap\">\n\t\t\t\t\t\t<div class=\"elementor-element elementor-element-2742311 elementor-widget elementor-widget-text-editor\" data-id=\"2742311\" data-element_type=\"widget\" data-widget_type=\"text-editor.default\">\n\t\t\t\t<div class=\"elementor-widget-container\">\n\t\t\t\t\t\t\t\t<div class=\"elementor-text-editor elementor-clearfix\">\n\t\t\t\t<p>En route vers Tol\u00e8de, ancienne capitale du royaume d\u2019Espagne et v\u00e9ritable mus\u00e9e \u00e0 ciel ouvert.<\/p><p>La ville, perch\u00e9e sur un promontoire rocheux et encercl\u00e9e par le Tage, fascine par sa beaut\u00e9 m\u00e9di\u00e9vale. D\u00e9couvrez la cath\u00e9drale Sainte-Marie, chef-d\u2019\u0153uvre du gothique espagnol, ainsi que l\u2019\u00e9glise Santo Tom\u00e9, c\u00e9l\u00e8bre pour abriter une toile du Greco. Tol\u00e8de est aussi un symbole du vivre-ensemble des trois cultures : chr\u00e9tienne, juive et musulmane<\/p>\t\t\t\t\t<\/div>\n\t\t\t\t\t\t<\/div>\n\t\t\t\t<\/div>\n\t\t\t\t\t\t<\/div>\n\t\t\t\t\t<\/div>\n\t\t<\/div>\n\t\t\t\t\t\t\t\t<\/div>\n\t\t\t\t\t<\/div>\n\t\t<\/section>\n\t\t\t\t<section class=\"elementor-section elementor-top-section elementor-element elementor-element-889f8e3 elementor-section-boxed elementor-section-height-default elementor-section-height-default\" data-id=\"889f8e3\" data-element_type=\"section\">\n\t\t\t\t\t\t<div class=\"elementor-container elementor-column-gap-default\">\n\t\t\t\t\t\t\t<div class=\"elementor-row\">\n\t\t\t\t\t<div class=\"elementor-column elementor-col-100 elementor-top-column elementor-element elementor-element-d9ce0c1\" data-id=\"d9ce0c1\" data-element_type=\"column\">\n\t\t\t<div class=\"elementor-column-wrap elementor-element-populated\">\n\t\t\t\t\t\t\t<div class=\"elementor-widget-wrap\">\n\t\t\t\t\t\t<div class=\"elementor-element elementor-element-9cf9d10 elementor-widget elementor-widget-heading\" data-id=\"9cf9d10\" data-element_type=\"widget\" data-widget_type=\"heading.default\">\n\t\t\t\t<div class=\"elementor-widget-container\">\n\t\t\t<h2 class=\"elementor-heading-title elementor-size-default\">Pourquoi choisir de d\u00e9couvrir l\u2019Andalousie ?<\/h2>\t\t<\/div>\n\t\t\t\t<\/div>\n\t\t\t\t\t\t<\/div>\n\t\t\t\t\t<\/div>\n\t\t<\/div>\n\t\t\t\t\t\t\t\t<\/div>\n\t\t\t\t\t<\/div>\n\t\t<\/section>\n\t\t\t\t<section class=\"elementor-section elementor-top-section elementor-element elementor-element-d56fd7b elementor-section-boxed elementor-section-height-default elementor-section-height-default\" data-id=\"d56fd7b\" data-element_type=\"section\">\n\t\t\t\t\t\t<div class=\"elementor-container elementor-column-gap-default\">\n\t\t\t\t\t\t\t<div class=\"elementor-row\">\n\t\t\t\t\t<div class=\"elementor-column elementor-col-100 elementor-top-column elementor-element elementor-element-02f093b\" data-id=\"02f093b\" data-element_type=\"column\">\n\t\t\t<div class=\"elementor-column-wrap elementor-element-populated\">\n\t\t\t\t\t\t\t<div class=\"elementor-widget-wrap\">\n\t\t\t\t\t\t<div class=\"elementor-element elementor-element-5a9dac0 elementor-widget elementor-widget-text-editor\" data-id=\"5a9dac0\" data-element_type=\"widget\" data-widget_type=\"text-editor.default\">\n\t\t\t\t<div class=\"elementor-widget-container\">\n\t\t\t\t\t\t\t\t<div class=\"elementor-text-editor elementor-clearfix\">\n\t\t\t\t<p>Opter pour un <strong>voyage organis\u00e9<\/strong> en Andalousie, c\u2019est faire le choix de la s\u00e9r\u00e9nit\u00e9 et du confort.<\/p><p>Vous b\u00e9n\u00e9ficiez d\u2019un programme \u00e9quilibr\u00e9, pens\u00e9 pour ne rien manquer des tr\u00e9sors culturels de chaque \u00e9tape. Les d\u00e9placements sont assur\u00e9s, les h\u00f4tels soigneusement s\u00e9lectionn\u00e9s, et les visites guid\u00e9es permettent une immersion enrichissante dans l\u2019histoire locale.<\/p><p>Ce type de circuit est id\u00e9al pour les voyageurs souhaitant profiter pleinement de leur s\u00e9jour sans se soucier de la logistique. En couple, entre amis ou en solo, vous partagez l\u2019exp\u00e9rience avec d\u2019autres passionn\u00e9s de culture et d\u2019\u00e9vasion.<\/p>\t\t\t\t\t<\/div>\n\t\t\t\t\t\t<\/div>\n\t\t\t\t<\/div>\n\t\t\t\t\t\t<\/div>\n\t\t\t\t\t<\/div>\n\t\t<\/div>\n\t\t\t\t\t\t\t\t<\/div>\n\t\t\t\t\t<\/div>\n\t\t<\/section>\n\t\t\t\t<section class=\"elementor-section elementor-top-section elementor-element elementor-element-19caa16 elementor-section-boxed elementor-section-height-default elementor-section-height-default\" data-id=\"19caa16\" data-element_type=\"section\">\n\t\t\t\t\t\t<div class=\"elementor-container elementor-column-gap-default\">\n\t\t\t\t\t\t\t<div class=\"elementor-row\">\n\t\t\t\t\t<div class=\"elementor-column elementor-col-100 elementor-top-column elementor-element elementor-element-82a4d7a\" data-id=\"82a4d7a\" data-element_type=\"column\">\n\t\t\t<div class=\"elementor-column-wrap elementor-element-populated\">\n\t\t\t\t\t\t\t<div class=\"elementor-widget-wrap\">\n\t\t\t\t\t\t<div class=\"elementor-element elementor-element-cb2ab26 elementor-widget elementor-widget-heading\" data-id=\"cb2ab26\" data-element_type=\"widget\" data-widget_type=\"heading.default\">\n\t\t\t\t<div class=\"elementor-widget-container\">\n\t\t\t<h2 class=\"elementor-heading-title elementor-size-default\">L\u2019Andalousie Royale, un circuit inoubliable<\/h2>\t\t<\/div>\n\t\t\t\t<\/div>\n\t\t\t\t\t\t<\/div>\n\t\t\t\t\t<\/div>\n\t\t<\/div>\n\t\t\t\t\t\t\t\t<\/div>\n\t\t\t\t\t<\/div>\n\t\t<\/section>\n\t\t\t\t<section class=\"elementor-section elementor-top-section elementor-element elementor-element-8a389de elementor-section-boxed elementor-section-height-default elementor-section-height-default\" data-id=\"8a389de\" data-element_type=\"section\">\n\t\t\t\t\t\t<div class=\"elementor-container elementor-column-gap-default\">\n\t\t\t\t\t\t\t<div class=\"elementor-row\">\n\t\t\t\t\t<div class=\"elementor-column elementor-col-100 elementor-top-column elementor-element elementor-element-59ad9db\" data-id=\"59ad9db\" data-element_type=\"column\">\n\t\t\t<div class=\"elementor-column-wrap elementor-element-populated\">\n\t\t\t\t\t\t\t<div class=\"elementor-widget-wrap\">\n\t\t\t\t\t\t<div class=\"elementor-element elementor-element-149617b elementor-widget elementor-widget-text-editor\" data-id=\"149617b\" data-element_type=\"widget\" data-widget_type=\"text-editor.default\">\n\t\t\t\t<div class=\"elementor-widget-container\">\n\t\t\t\t\t\t\t\t<div class=\"elementor-text-editor elementor-clearfix\">\n\t\t\t\t<p>Ce voyage \u00e0 travers l\u2019Andalousie Royale vous emm\u00e8ne au c\u0153ur de l\u2019Espagne historique, entre traditions vivantes et h\u00e9ritage multiculturel.<\/p><p>Madrid, Cordoue, S\u00e9ville, Grenade et Tol\u00e8de vous d\u00e9voilent chacune leur \u00e2me, leurs merveilles architecturales et leur gastronomie g\u00e9n\u00e9reuse. Que vous soyez amateur de monuments, de jardins, de mus\u00e9es ou de musique, ce circuit vous laissera des souvenirs imp\u00e9rissables.<\/p><p>Laissez-vous envo\u00fbter par la magie andalouse et offrez-vous une semaine de d\u00e9couvertes authentiques et d\u2019\u00e9motions partag\u00e9es.<\/p>\t\t\t\t\t<\/div>\n\t\t\t\t\t\t<\/div>\n\t\t\t\t<\/div>\n\t\t\t\t\t\t<\/div>\n\t\t\t\t\t<\/div>\n\t\t<\/div>\n\t\t\t\t\t\t\t\t<\/div>\n\t\t\t\t\t<\/div>\n\t\t<\/section>\n\t\t\t\t\t\t\t\t\t<\/div>\n\t\t\t<\/div>\n\t\t\t\t\t<\/div>\n\t\t","protected":false},"excerpt":{"rendered":"<p>L\u2019Andalousie est une terre de contrastes, de culture et de passion. De Madrid \u00e0 Tol\u00e8de, en passant par Cordoue, S\u00e9ville et Grenade, chaque ville d\u00e9voile une facette fascinante de l\u2019histoire espagnole. Ce voyage organis\u00e9 \u00e0 travers l\u2019Andalousie Royale vous invite \u00e0 vivre une exp\u00e9rience unique, entre palais mauresques, cath\u00e9drales gothiques, ruelles anim\u00e9es et paysages envo\u00fbtants. [&hellip;]<\/p>\n","protected":false},"author":4,"featured_media":5453,"comment_status":"open","ping_status":"open","sticky":false,"template":"","format":"standard","meta":{"_jetpack_memberships_contains_paid_content":false,"footnotes":""},"categories":[65,62,24,60],"tags":[],"class_list":["post-5426","post","type-post","status-publish","format-standard","has-post-thumbnail","hentry","category-guide-voyage","category-on-a-voyage-pour-vous","category-travel","category-voyage"],"yoast_head":"<!-- This site is optimized with the Yoast SEO plugin v21.1 - https:\/\/yoast.com\/wordpress\/plugins\/seo\/ -->\n<title>Andalousie Royale Un voyage organis\u00e9 au c\u0153ur de l\u2019Espagne imp\u00e9riale - Blog activetravel<\/title>\n<meta name=\"robots\" content=\"index, follow, max-snippet:-1, max-image-preview:large, max-video-preview:-1\" \/>\n<link rel=\"canonical\" href=\"https:\/\/blog.activetravel.com.tn\/index.php\/2025\/06\/17\/andalousie-royale-un-voyage-organise-au-coeur-de-lespagne-imperiale\/\" \/>\n<meta property=\"og:locale\" content=\"fr_FR\" \/>\n<meta property=\"og:type\" content=\"article\" \/>\n<meta property=\"og:title\" content=\"Andalousie Royale Un voyage organis\u00e9 au c\u0153ur de l\u2019Espagne imp\u00e9riale - Blog activetravel\" \/>\n<meta property=\"og:description\" content=\"L\u2019Andalousie est une terre de contrastes, de culture et de passion. De Madrid \u00e0 Tol\u00e8de, en passant par Cordoue, S\u00e9ville et Grenade, chaque ville d\u00e9voile une facette fascinante de l\u2019histoire espagnole. Ce voyage organis\u00e9 \u00e0 travers l\u2019Andalousie Royale vous invite \u00e0 vivre une exp\u00e9rience unique, entre palais mauresques, cath\u00e9drales gothiques, ruelles anim\u00e9es et paysages envo\u00fbtants. [&hellip;]\" \/>\n<meta property=\"og:url\" content=\"https:\/\/blog.activetravel.com.tn\/index.php\/2025\/06\/17\/andalousie-royale-un-voyage-organise-au-coeur-de-lespagne-imperiale\/\" \/>\n<meta property=\"og:site_name\" content=\"Blog activetravel\" \/>\n<meta property=\"article:published_time\" content=\"2025-06-17T12:49:18+00:00\" \/>\n<meta property=\"article:modified_time\" content=\"2025-06-17T12:59:43+00:00\" \/>\n<meta property=\"og:image\" content=\"https:\/\/blog.activetravel.com.tn\/wp-content\/uploads\/2025\/06\/voyage-espagne3.jpg\" \/>\n\t<meta property=\"og:image:width\" content=\"900\" \/>\n\t<meta property=\"og:image:height\" content=\"600\" \/>\n\t<meta property=\"og:image:type\" content=\"image\/jpeg\" \/>\n<meta name=\"author\" content=\"user-activetravel\" \/>\n<meta name=\"twitter:card\" content=\"summary_large_image\" \/>\n<meta name=\"twitter:label1\" content=\"\u00c9crit par\" \/>\n\t<meta name=\"twitter:data1\" content=\"user-activetravel\" \/>\n\t<meta name=\"twitter:label2\" content=\"Dur\u00e9e de lecture estim\u00e9e\" \/>\n\t<meta name=\"twitter:data2\" content=\"5 minutes\" \/>\n<script type=\"application\/ld+json\" class=\"yoast-schema-graph\">{\"@context\":\"https:\/\/schema.org\",\"@graph\":[{\"@type\":\"WebPage\",\"@id\":\"https:\/\/blog.activetravel.com.tn\/index.php\/2025\/06\/17\/andalousie-royale-un-voyage-organise-au-coeur-de-lespagne-imperiale\/\",\"url\":\"https:\/\/blog.activetravel.com.tn\/index.php\/2025\/06\/17\/andalousie-royale-un-voyage-organise-au-coeur-de-lespagne-imperiale\/\",\"name\":\"Andalousie Royale Un voyage organis\u00e9 au c\u0153ur de l\u2019Espagne imp\u00e9riale - Blog activetravel\",\"isPartOf\":{\"@id\":\"https:\/\/blog.activetravel.com.tn\/#website\"},\"datePublished\":\"2025-06-17T12:49:18+00:00\",\"dateModified\":\"2025-06-17T12:59:43+00:00\",\"author\":{\"@id\":\"https:\/\/blog.activetravel.com.tn\/#\/schema\/person\/efed5c7d1e7a3d6a9f27c0064001a4ab\"},\"breadcrumb\":{\"@id\":\"https:\/\/blog.activetravel.com.tn\/index.php\/2025\/06\/17\/andalousie-royale-un-voyage-organise-au-coeur-de-lespagne-imperiale\/#breadcrumb\"},\"inLanguage\":\"fr-FR\",\"potentialAction\":[{\"@type\":\"ReadAction\",\"target\":[\"https:\/\/blog.activetravel.com.tn\/index.php\/2025\/06\/17\/andalousie-royale-un-voyage-organise-au-coeur-de-lespagne-imperiale\/\"]}]},{\"@type\":\"BreadcrumbList\",\"@id\":\"https:\/\/blog.activetravel.com.tn\/index.php\/2025\/06\/17\/andalousie-royale-un-voyage-organise-au-coeur-de-lespagne-imperiale\/#breadcrumb\",\"itemListElement\":[{\"@type\":\"ListItem\",\"position\":1,\"name\":\"Accueil\",\"item\":\"https:\/\/blog.activetravel.com.tn\/\"},{\"@type\":\"ListItem\",\"position\":2,\"name\":\"Andalousie Royale Un voyage organis\u00e9 au c\u0153ur de l\u2019Espagne imp\u00e9riale\"}]},{\"@type\":\"WebSite\",\"@id\":\"https:\/\/blog.activetravel.com.tn\/#website\",\"url\":\"https:\/\/blog.activetravel.com.tn\/\",\"name\":\"Blog activetravel\",\"description\":\"Agence de voyage Tunisie : R\u00e9servation h\u00f4tels chez Active Travel, la meilleure agence de voyages Tunisie.\",\"potentialAction\":[{\"@type\":\"SearchAction\",\"target\":{\"@type\":\"EntryPoint\",\"urlTemplate\":\"https:\/\/blog.activetravel.com.tn\/?s={search_term_string}\"},\"query-input\":\"required name=search_term_string\"}],\"inLanguage\":\"fr-FR\"},{\"@type\":\"Person\",\"@id\":\"https:\/\/blog.activetravel.com.tn\/#\/schema\/person\/efed5c7d1e7a3d6a9f27c0064001a4ab\",\"name\":\"user-activetravel\",\"image\":{\"@type\":\"ImageObject\",\"inLanguage\":\"fr-FR\",\"@id\":\"https:\/\/blog.activetravel.com.tn\/#\/schema\/person\/image\/\",\"url\":\"https:\/\/secure.gravatar.com\/avatar\/d4ee43dc1dac7aa76aa54a064263112143b452b30faa743c9e6b972f4d6be826?s=96&d=mm&r=g\",\"contentUrl\":\"https:\/\/secure.gravatar.com\/avatar\/d4ee43dc1dac7aa76aa54a064263112143b452b30faa743c9e6b972f4d6be826?s=96&d=mm&r=g\",\"caption\":\"user-activetravel\"},\"url\":\"https:\/\/blog.activetravel.com.tn\/index.php\/author\/user-activetravel\/\"}]}<\/script>\n<!-- \/ Yoast SEO plugin. -->","yoast_head_json":{"title":"Andalousie Royale Un voyage organis\u00e9 au c\u0153ur de l\u2019Espagne imp\u00e9riale - Blog activetravel","robots":{"index":"index","follow":"follow","max-snippet":"max-snippet:-1","max-image-preview":"max-image-preview:large","max-video-preview":"max-video-preview:-1"},"canonical":"https:\/\/blog.activetravel.com.tn\/index.php\/2025\/06\/17\/andalousie-royale-un-voyage-organise-au-coeur-de-lespagne-imperiale\/","og_locale":"fr_FR","og_type":"article","og_title":"Andalousie Royale Un voyage organis\u00e9 au c\u0153ur de l\u2019Espagne imp\u00e9riale - Blog activetravel","og_description":"L\u2019Andalousie est une terre de contrastes, de culture et de passion. De Madrid \u00e0 Tol\u00e8de, en passant par Cordoue, S\u00e9ville et Grenade, chaque ville d\u00e9voile une facette fascinante de l\u2019histoire espagnole. Ce voyage organis\u00e9 \u00e0 travers l\u2019Andalousie Royale vous invite \u00e0 vivre une exp\u00e9rience unique, entre palais mauresques, cath\u00e9drales gothiques, ruelles anim\u00e9es et paysages envo\u00fbtants. [&hellip;]","og_url":"https:\/\/blog.activetravel.com.tn\/index.php\/2025\/06\/17\/andalousie-royale-un-voyage-organise-au-coeur-de-lespagne-imperiale\/","og_site_name":"Blog activetravel","article_published_time":"2025-06-17T12:49:18+00:00","article_modified_time":"2025-06-17T12:59:43+00:00","og_image":[{"width":900,"height":600,"url":"https:\/\/blog.activetravel.com.tn\/wp-content\/uploads\/2025\/06\/voyage-espagne3.jpg","type":"image\/jpeg"}],"author":"user-activetravel","twitter_card":"summary_large_image","twitter_misc":{"\u00c9crit par":"user-activetravel","Dur\u00e9e de lecture estim\u00e9e":"5 minutes"},"schema":{"@context":"https:\/\/schema.org","@graph":[{"@type":"WebPage","@id":"https:\/\/blog.activetravel.com.tn\/index.php\/2025\/06\/17\/andalousie-royale-un-voyage-organise-au-coeur-de-lespagne-imperiale\/","url":"https:\/\/blog.activetravel.com.tn\/index.php\/2025\/06\/17\/andalousie-royale-un-voyage-organise-au-coeur-de-lespagne-imperiale\/","name":"Andalousie Royale Un voyage organis\u00e9 au c\u0153ur de l\u2019Espagne imp\u00e9riale - Blog activetravel","isPartOf":{"@id":"https:\/\/blog.activetravel.com.tn\/#website"},"datePublished":"2025-06-17T12:49:18+00:00","dateModified":"2025-06-17T12:59:43+00:00","author":{"@id":"https:\/\/blog.activetravel.com.tn\/#\/schema\/person\/efed5c7d1e7a3d6a9f27c0064001a4ab"},"breadcrumb":{"@id":"https:\/\/blog.activetravel.com.tn\/index.php\/2025\/06\/17\/andalousie-royale-un-voyage-organise-au-coeur-de-lespagne-imperiale\/#breadcrumb"},"inLanguage":"fr-FR","potentialAction":[{"@type":"ReadAction","target":["https:\/\/blog.activetravel.com.tn\/index.php\/2025\/06\/17\/andalousie-royale-un-voyage-organise-au-coeur-de-lespagne-imperiale\/"]}]},{"@type":"BreadcrumbList","@id":"https:\/\/blog.activetravel.com.tn\/index.php\/2025\/06\/17\/andalousie-royale-un-voyage-organise-au-coeur-de-lespagne-imperiale\/#breadcrumb","itemListElement":[{"@type":"ListItem","position":1,"name":"Accueil","item":"https:\/\/blog.activetravel.com.tn\/"},{"@type":"ListItem","position":2,"name":"Andalousie Royale Un voyage organis\u00e9 au c\u0153ur de l\u2019Espagne imp\u00e9riale"}]},{"@type":"WebSite","@id":"https:\/\/blog.activetravel.com.tn\/#website","url":"https:\/\/blog.activetravel.com.tn\/","name":"Blog activetravel","description":"Agence de voyage Tunisie : R\u00e9servation h\u00f4tels chez Active Travel, la meilleure agence de voyages Tunisie.","potentialAction":[{"@type":"SearchAction","target":{"@type":"EntryPoint","urlTemplate":"https:\/\/blog.activetravel.com.tn\/?s={search_term_string}"},"query-input":"required name=search_term_string"}],"inLanguage":"fr-FR"},{"@type":"Person","@id":"https:\/\/blog.activetravel.com.tn\/#\/schema\/person\/efed5c7d1e7a3d6a9f27c0064001a4ab","name":"user-activetravel","image":{"@type":"ImageObject","inLanguage":"fr-FR","@id":"https:\/\/blog.activetravel.com.tn\/#\/schema\/person\/image\/","url":"https:\/\/secure.gravatar.com\/avatar\/d4ee43dc1dac7aa76aa54a064263112143b452b30faa743c9e6b972f4d6be826?s=96&d=mm&r=g","contentUrl":"https:\/\/secure.gravatar.com\/avatar\/d4ee43dc1dac7aa76aa54a064263112143b452b30faa743c9e6b972f4d6be826?s=96&d=mm&r=g","caption":"user-activetravel"},"url":"https:\/\/blog.activetravel.com.tn\/index.php\/author\/user-activetravel\/"}]}},"jetpack_featured_media_url":"https:\/\/blog.activetravel.com.tn\/wp-content\/uploads\/2025\/06\/voyage-espagne3.jpg","jetpack_sharing_enabled":true,"_links":{"self":[{"href":"https:\/\/blog.activetravel.com.tn\/index.php\/wp-json\/wp\/v2\/posts\/5426","targetHints":{"allow":["GET"]}}],"collection":[{"href":"https:\/\/blog.activetravel.com.tn\/index.php\/wp-json\/wp\/v2\/posts"}],"about":[{"href":"https:\/\/blog.activetravel.com.tn\/index.php\/wp-json\/wp\/v2\/types\/post"}],"author":[{"embeddable":true,"href":"https:\/\/blog.activetravel.com.tn\/index.php\/wp-json\/wp\/v2\/users\/4"}],"replies":[{"embeddable":true,"href":"https:\/\/blog.activetravel.com.tn\/index.php\/wp-json\/wp\/v2\/comments?post=5426"}],"version-history":[{"count":30,"href":"https:\/\/blog.activetravel.com.tn\/index.php\/wp-json\/wp\/v2\/posts\/5426\/revisions"}],"predecessor-version":[{"id":5460,"href":"https:\/\/blog.activetravel.com.tn\/index.php\/wp-json\/wp\/v2\/posts\/5426\/revisions\/5460"}],"wp:featuredmedia":[{"embeddable":true,"href":"https:\/\/blog.activetravel.com.tn\/index.php\/wp-json\/wp\/v2\/media\/5453"}],"wp:attachment":[{"href":"https:\/\/blog.activetravel.com.tn\/index.php\/wp-json\/wp\/v2\/media?parent=5426"}],"wp:term":[{"taxonomy":"category","embeddable":true,"href":"https:\/\/blog.activetravel.com.tn\/index.php\/wp-json\/wp\/v2\/categories?post=5426"},{"taxonomy":"post_tag","embeddable":true,"href":"https:\/\/blog.activetravel.com.tn\/index.php\/wp-json\/wp\/v2\/tags?post=5426"}],"curies":[{"name":"wp","href":"https:\/\/api.w.org\/{rel}","templated":true}]}}