{"id":5120,"date":"2025-01-24T14:31:13","date_gmt":"2025-01-24T13:31:13","guid":{"rendered":"https:\/\/blog.activetravel.com.tn\/?p=5120"},"modified":"2025-04-18T11:08:34","modified_gmt":"2025-04-18T09:08:34","slug":"les-capitales-scandinaves-un-voyage-culturel-inoubliable-en-ete","status":"publish","type":"post","link":"https:\/\/blog.activetravel.com.tn\/index.php\/2025\/01\/24\/les-capitales-scandinaves-un-voyage-culturel-inoubliable-en-ete\/","title":{"rendered":"Les Capitales Scandinaves Un Voyage Culturel Inoubliable en \u00c9t\u00e9"},"content":{"rendered":"\t\t<div data-elementor-type=\"wp-post\" data-elementor-id=\"5120\" class=\"elementor elementor-5120\">\n\t\t\t\t\t\t<div class=\"elementor-inner\">\n\t\t\t\t<div class=\"elementor-section-wrap\">\n\t\t\t\t\t\t\t\t\t<section class=\"elementor-section elementor-top-section elementor-element elementor-element-0a709f7 elementor-section-boxed elementor-section-height-default elementor-section-height-default\" data-id=\"0a709f7\" data-element_type=\"section\">\n\t\t\t\t\t\t<div class=\"elementor-container elementor-column-gap-default\">\n\t\t\t\t\t\t\t<div class=\"elementor-row\">\n\t\t\t\t\t<div class=\"elementor-column elementor-col-25 elementor-top-column elementor-element elementor-element-67cadd8\" data-id=\"67cadd8\" data-element_type=\"column\">\n\t\t\t<div class=\"elementor-column-wrap elementor-element-populated\">\n\t\t\t\t\t\t\t<div class=\"elementor-widget-wrap\">\n\t\t\t\t\t\t<div class=\"elementor-element elementor-element-88716b0 elementor-widget elementor-widget-image\" data-id=\"88716b0\" data-element_type=\"widget\" data-widget_type=\"image.default\">\n\t\t\t\t<div class=\"elementor-widget-container\">\n\t\t\t<style>\/*! elementor - v3.16.0 - 13-09-2023 *\/\n.elementor-widget-image{text-align:center}.elementor-widget-image a{display:inline-block}.elementor-widget-image a img[src$=\".svg\"]{width:48px}.elementor-widget-image img{vertical-align:middle;display:inline-block}<\/style>\t\t\t\t\t<div class=\"elementor-image\">\n\t\t\t\t\t\t\t\t\t\t\t\t<img loading=\"lazy\" decoding=\"async\" width=\"860\" height=\"573\" src=\"https:\/\/blog.activetravel.com.tn\/wp-content\/uploads\/2025\/01\/circuit-capitales-scandinaves.jpg\" class=\"attachment-large size-large wp-image-5134\" alt=\"\" \/>\t\t\t\t\t\t\t\t\t\t\t\t\t\t<\/div>\n\t\t\t\t\t\t<\/div>\n\t\t\t\t<\/div>\n\t\t\t\t\t\t<\/div>\n\t\t\t\t\t<\/div>\n\t\t<\/div>\n\t\t\t\t<div class=\"elementor-column elementor-col-25 elementor-top-column elementor-element elementor-element-4f3869a\" data-id=\"4f3869a\" data-element_type=\"column\">\n\t\t\t<div class=\"elementor-column-wrap elementor-element-populated\">\n\t\t\t\t\t\t\t<div class=\"elementor-widget-wrap\">\n\t\t\t\t\t\t<div class=\"elementor-element elementor-element-29acf1a elementor-widget elementor-widget-image\" data-id=\"29acf1a\" data-element_type=\"widget\" data-widget_type=\"image.default\">\n\t\t\t\t<div class=\"elementor-widget-container\">\n\t\t\t\t\t\t\t\t<div class=\"elementor-image\">\n\t\t\t\t\t\t\t\t\t\t\t\t<img loading=\"lazy\" decoding=\"async\" width=\"860\" height=\"573\" src=\"https:\/\/blog.activetravel.com.tn\/wp-content\/uploads\/2025\/01\/Les-capitales-scandinaves.jpg\" class=\"attachment-large size-large wp-image-5135\" alt=\"\" \/>\t\t\t\t\t\t\t\t\t\t\t\t\t\t<\/div>\n\t\t\t\t\t\t<\/div>\n\t\t\t\t<\/div>\n\t\t\t\t\t\t<\/div>\n\t\t\t\t\t<\/div>\n\t\t<\/div>\n\t\t\t\t<div class=\"elementor-column elementor-col-25 elementor-top-column elementor-element elementor-element-feb31a6\" data-id=\"feb31a6\" data-element_type=\"column\">\n\t\t\t<div class=\"elementor-column-wrap elementor-element-populated\">\n\t\t\t\t\t\t\t<div class=\"elementor-widget-wrap\">\n\t\t\t\t\t\t<div class=\"elementor-element elementor-element-2acb37a elementor-widget elementor-widget-image\" data-id=\"2acb37a\" data-element_type=\"widget\" data-widget_type=\"image.default\">\n\t\t\t\t<div class=\"elementor-widget-container\">\n\t\t\t\t\t\t\t\t<div class=\"elementor-image\">\n\t\t\t\t\t\t\t\t\t\t\t\t<img loading=\"lazy\" decoding=\"async\" width=\"860\" height=\"573\" src=\"https:\/\/blog.activetravel.com.tn\/wp-content\/uploads\/2025\/01\/Voyage-capitales-scandinaves.jpg\" class=\"attachment-large size-large wp-image-5136\" alt=\"\" \/>\t\t\t\t\t\t\t\t\t\t\t\t\t\t<\/div>\n\t\t\t\t\t\t<\/div>\n\t\t\t\t<\/div>\n\t\t\t\t\t\t<\/div>\n\t\t\t\t\t<\/div>\n\t\t<\/div>\n\t\t\t\t<div class=\"elementor-column elementor-col-25 elementor-top-column elementor-element elementor-element-65cd4c8\" data-id=\"65cd4c8\" data-element_type=\"column\">\n\t\t\t<div class=\"elementor-column-wrap elementor-element-populated\">\n\t\t\t\t\t\t\t<div class=\"elementor-widget-wrap\">\n\t\t\t\t\t\t<div class=\"elementor-element elementor-element-ee232d5 elementor-widget elementor-widget-image\" data-id=\"ee232d5\" data-element_type=\"widget\" data-widget_type=\"image.default\">\n\t\t\t\t<div class=\"elementor-widget-container\">\n\t\t\t\t\t\t\t\t<div class=\"elementor-image\">\n\t\t\t\t\t\t\t\t\t\t\t\t<img loading=\"lazy\" decoding=\"async\" width=\"860\" height=\"573\" src=\"https:\/\/blog.activetravel.com.tn\/wp-content\/uploads\/2025\/01\/Voyage-organsie-scandinaves.jpg\" class=\"attachment-large size-large wp-image-5137\" alt=\"\" \/>\t\t\t\t\t\t\t\t\t\t\t\t\t\t<\/div>\n\t\t\t\t\t\t<\/div>\n\t\t\t\t<\/div>\n\t\t\t\t\t\t<\/div>\n\t\t\t\t\t<\/div>\n\t\t<\/div>\n\t\t\t\t\t\t\t\t<\/div>\n\t\t\t\t\t<\/div>\n\t\t<\/section>\n\t\t\t\t<section class=\"elementor-section elementor-top-section elementor-element elementor-element-992daa8 elementor-section-boxed elementor-section-height-default elementor-section-height-default\" data-id=\"992daa8\" data-element_type=\"section\">\n\t\t\t\t\t\t<div class=\"elementor-container elementor-column-gap-default\">\n\t\t\t\t\t\t\t<div class=\"elementor-row\">\n\t\t\t\t\t<div class=\"elementor-column elementor-col-100 elementor-top-column elementor-element elementor-element-163c126\" data-id=\"163c126\" data-element_type=\"column\">\n\t\t\t<div class=\"elementor-column-wrap elementor-element-populated\">\n\t\t\t\t\t\t\t<div class=\"elementor-widget-wrap\">\n\t\t\t\t\t\t<div class=\"elementor-element elementor-element-129a57b elementor-widget elementor-widget-text-editor\" data-id=\"129a57b\" data-element_type=\"widget\" data-widget_type=\"text-editor.default\">\n\t\t\t\t<div class=\"elementor-widget-container\">\n\t\t\t<style>\/*! elementor - v3.16.0 - 13-09-2023 *\/\n.elementor-widget-text-editor.elementor-drop-cap-view-stacked .elementor-drop-cap{background-color:#69727d;color:#fff}.elementor-widget-text-editor.elementor-drop-cap-view-framed .elementor-drop-cap{color:#69727d;border:3px solid;background-color:transparent}.elementor-widget-text-editor:not(.elementor-drop-cap-view-default) .elementor-drop-cap{margin-top:8px}.elementor-widget-text-editor:not(.elementor-drop-cap-view-default) .elementor-drop-cap-letter{width:1em;height:1em}.elementor-widget-text-editor .elementor-drop-cap{float:left;text-align:center;line-height:1;font-size:50px}.elementor-widget-text-editor .elementor-drop-cap-letter{display:inline-block}<\/style>\t\t\t\t\t<div class=\"elementor-text-editor elementor-clearfix\">\n\t\t\t\tD\u00e9couvrir les <strong><a href=\"https:\/\/activetravel.com.tn\/voyage-organise\/etape1\/Details\/DANEMARK\/Les-Capitales-Scandinaves?success_redirect_url=wk%2BhwvZogNduEaKpnmLe2jbj4OhRuwVBwceCbdAjabES45QoI5XHFa90ywG%2B3QikyCdpvS%2Fz%2BcOmdEAvNa3Xwg%3D%3D\">capitales scandinaves<\/a><\/strong> en plein mois de juin est une exp\u00e9rience unique o\u00f9 la culture, les traditions, la gastronomie et l\u2019histoire s\u2019entrem\u00ealent pour offrir un voyage organis\u00e9 m\u00e9morable. Entre <strong>Stockholm, Copenhague et Oslo<\/strong>, chaque capitale a son charme et ses tr\u00e9sors \u00e0 d\u00e9voiler. Pr\u00e9parez-vous \u00e0 plonger dans l\u2019art de vivre nordique tout en admirant des monuments embl\u00e9matiques.\t\t\t\t\t<\/div>\n\t\t\t\t\t\t<\/div>\n\t\t\t\t<\/div>\n\t\t\t\t\t\t<\/div>\n\t\t\t\t\t<\/div>\n\t\t<\/div>\n\t\t\t\t\t\t\t\t<\/div>\n\t\t\t\t\t<\/div>\n\t\t<\/section>\n\t\t\t\t<section class=\"elementor-section elementor-top-section elementor-element elementor-element-9e24356 elementor-section-boxed elementor-section-height-default elementor-section-height-default\" data-id=\"9e24356\" data-element_type=\"section\">\n\t\t\t\t\t\t<div class=\"elementor-container elementor-column-gap-default\">\n\t\t\t\t\t\t\t<div class=\"elementor-row\">\n\t\t\t\t\t<div class=\"elementor-column elementor-col-100 elementor-top-column elementor-element elementor-element-79ff57e\" data-id=\"79ff57e\" data-element_type=\"column\">\n\t\t\t<div class=\"elementor-column-wrap elementor-element-populated\">\n\t\t\t\t\t\t\t<div class=\"elementor-widget-wrap\">\n\t\t\t\t\t\t<div class=\"elementor-element elementor-element-171355f elementor-widget elementor-widget-heading\" data-id=\"171355f\" data-element_type=\"widget\" data-widget_type=\"heading.default\">\n\t\t\t\t<div class=\"elementor-widget-container\">\n\t\t\t<style>\/*! elementor - v3.16.0 - 13-09-2023 *\/\n.elementor-heading-title{padding:0;margin:0;line-height:1}.elementor-widget-heading .elementor-heading-title[class*=elementor-size-]>a{color:inherit;font-size:inherit;line-height:inherit}.elementor-widget-heading .elementor-heading-title.elementor-size-small{font-size:15px}.elementor-widget-heading .elementor-heading-title.elementor-size-medium{font-size:19px}.elementor-widget-heading .elementor-heading-title.elementor-size-large{font-size:29px}.elementor-widget-heading .elementor-heading-title.elementor-size-xl{font-size:39px}.elementor-widget-heading .elementor-heading-title.elementor-size-xxl{font-size:59px}<\/style><h2 class=\"elementor-heading-title elementor-size-default\">Stockholm : L\u2019\u00e9l\u00e9gance royale et la vieille ville<\/h2>\t\t<\/div>\n\t\t\t\t<\/div>\n\t\t\t\t\t\t<\/div>\n\t\t\t\t\t<\/div>\n\t\t<\/div>\n\t\t\t\t\t\t\t\t<\/div>\n\t\t\t\t\t<\/div>\n\t\t<\/section>\n\t\t\t\t<section class=\"elementor-section elementor-top-section elementor-element elementor-element-31842e6 elementor-section-boxed elementor-section-height-default elementor-section-height-default\" data-id=\"31842e6\" data-element_type=\"section\">\n\t\t\t\t\t\t<div class=\"elementor-container elementor-column-gap-default\">\n\t\t\t\t\t\t\t<div class=\"elementor-row\">\n\t\t\t\t\t<div class=\"elementor-column elementor-col-100 elementor-top-column elementor-element elementor-element-48e14c0\" data-id=\"48e14c0\" data-element_type=\"column\">\n\t\t\t<div class=\"elementor-column-wrap elementor-element-populated\">\n\t\t\t\t\t\t\t<div class=\"elementor-widget-wrap\">\n\t\t\t\t\t\t<div class=\"elementor-element elementor-element-012138d elementor-widget elementor-widget-text-editor\" data-id=\"012138d\" data-element_type=\"widget\" data-widget_type=\"text-editor.default\">\n\t\t\t\t<div class=\"elementor-widget-container\">\n\t\t\t\t\t\t\t\t<div class=\"elementor-text-editor elementor-clearfix\">\n\t\t\t\t<p><strong>Stockholm<\/strong>, la capitale de la Su\u00e8de, est une ville construite sur quatorze \u00eeles reli\u00e9es par un r\u00e9seau de ponts, lui conf\u00e9rant une atmosph\u00e8re unique. Cette \u00ab Venise du Nord \u00bb allie modernit\u00e9 et traditions ancestrales.<\/p><p>La vieille ville, <strong>Gamla Stan<\/strong>, est un incontournable. Avec ses ruelles pav\u00e9es et ses b\u00e2timents color\u00e9s, elle invite \u00e0 un voyage dans le temps. C\u2019est ici que vous trouverez le <strong>Palais Royal<\/strong>, un chef-d\u2019\u0153uvre architectural o\u00f9 r\u00e9side encore la famille royale su\u00e9doise. Les amateurs de culture appr\u00e9cieront le <strong>Mus\u00e9e Vasa<\/strong>, qui abrite un navire de guerre du XVIIe si\u00e8cle parfaitement conserv\u00e9.<\/p><p>En juin, la ville s\u2019illumine gr\u00e2ce au <strong>soleil de minuit<\/strong>, cr\u00e9ant une ambiance magique pour fl\u00e2ner dans les parcs tels que Djurg\u00e5rden ou pour d\u00e9guster un <strong>fika<\/strong>, une pause-caf\u00e9 typiquement su\u00e9doise, accompagn\u00e9e d\u2019une p\u00e2tisserie locale comme les brioches \u00e0 la cannelle.<\/p>\t\t\t\t\t<\/div>\n\t\t\t\t\t\t<\/div>\n\t\t\t\t<\/div>\n\t\t\t\t\t\t<\/div>\n\t\t\t\t\t<\/div>\n\t\t<\/div>\n\t\t\t\t\t\t\t\t<\/div>\n\t\t\t\t\t<\/div>\n\t\t<\/section>\n\t\t\t\t<section class=\"elementor-section elementor-top-section elementor-element elementor-element-b35db93 elementor-section-boxed elementor-section-height-default elementor-section-height-default\" data-id=\"b35db93\" data-element_type=\"section\">\n\t\t\t\t\t\t<div class=\"elementor-container elementor-column-gap-default\">\n\t\t\t\t\t\t\t<div class=\"elementor-row\">\n\t\t\t\t\t<div class=\"elementor-column elementor-col-100 elementor-top-column elementor-element elementor-element-8b33f27\" data-id=\"8b33f27\" data-element_type=\"column\">\n\t\t\t<div class=\"elementor-column-wrap elementor-element-populated\">\n\t\t\t\t\t\t\t<div class=\"elementor-widget-wrap\">\n\t\t\t\t\t\t<div class=\"elementor-element elementor-element-23c5351 elementor-widget elementor-widget-heading\" data-id=\"23c5351\" data-element_type=\"widget\" data-widget_type=\"heading.default\">\n\t\t\t\t<div class=\"elementor-widget-container\">\n\t\t\t<h2 class=\"elementor-heading-title elementor-size-default\">Copenhague : entre contes de f\u00e9es et vie contemporaine<\/h2>\t\t<\/div>\n\t\t\t\t<\/div>\n\t\t\t\t\t\t<\/div>\n\t\t\t\t\t<\/div>\n\t\t<\/div>\n\t\t\t\t\t\t\t\t<\/div>\n\t\t\t\t\t<\/div>\n\t\t<\/section>\n\t\t\t\t<section class=\"elementor-section elementor-top-section elementor-element elementor-element-22b71ad elementor-section-boxed elementor-section-height-default elementor-section-height-default\" data-id=\"22b71ad\" data-element_type=\"section\">\n\t\t\t\t\t\t<div class=\"elementor-container elementor-column-gap-default\">\n\t\t\t\t\t\t\t<div class=\"elementor-row\">\n\t\t\t\t\t<div class=\"elementor-column elementor-col-100 elementor-top-column elementor-element elementor-element-7f3f0d1\" data-id=\"7f3f0d1\" data-element_type=\"column\">\n\t\t\t<div class=\"elementor-column-wrap elementor-element-populated\">\n\t\t\t\t\t\t\t<div class=\"elementor-widget-wrap\">\n\t\t\t\t\t\t<div class=\"elementor-element elementor-element-51880df elementor-widget elementor-widget-text-editor\" data-id=\"51880df\" data-element_type=\"widget\" data-widget_type=\"text-editor.default\">\n\t\t\t\t<div class=\"elementor-widget-container\">\n\t\t\t\t\t\t\t\t<div class=\"elementor-text-editor elementor-clearfix\">\n\t\t\t\t<p>Copenhague, capitale du Danemark, est une ville o\u00f9 modernit\u00e9 et traditions coexistent harmonieusement. La visite commence souvent par <strong>Nyhavn<\/strong>, ce c\u00e9l\u00e8bre canal bord\u00e9 de maisons color\u00e9es et de caf\u00e9s anim\u00e9s, id\u00e9al pour une promenade ou un d\u00eener en terrasse.<\/p><p>Les amateurs d\u2019histoire appr\u00e9cieront la <strong>Fontaine de Gefion<\/strong> et le <strong>Palais d\u2019Amalienborg<\/strong>, r\u00e9sidence de la famille royale danoise. La <strong>Petite Sir\u00e8ne<\/strong>, inspir\u00e9e du conte d\u2019Andersen, est \u00e9galement un symbole incontournable de la ville.<\/p><p>Sur le plan gastronomique, Copenhague est une r\u00e9f\u00e9rence mondiale gr\u00e2ce \u00e0 son concept de <strong>nouvelle cuisine nordique<\/strong>. Ne manquez pas de go\u00fbter aux sm\u00f8rrebr\u00f8d, ces tartines garnies qui font la fiert\u00e9 du Danemark.<\/p><p>En \u00e9t\u00e9, la ville s\u2019anime avec des \u00e9v\u00e9nements en plein air et des festivals. Une balade \u00e0 v\u00e9lo, le moyen de transport favori des habitants, permet de d\u00e9couvrir les charmes cach\u00e9s de la ville.<\/p>\t\t\t\t\t<\/div>\n\t\t\t\t\t\t<\/div>\n\t\t\t\t<\/div>\n\t\t\t\t\t\t<\/div>\n\t\t\t\t\t<\/div>\n\t\t<\/div>\n\t\t\t\t\t\t\t\t<\/div>\n\t\t\t\t\t<\/div>\n\t\t<\/section>\n\t\t\t\t<section class=\"elementor-section elementor-top-section elementor-element elementor-element-64be37c elementor-section-boxed elementor-section-height-default elementor-section-height-default\" data-id=\"64be37c\" data-element_type=\"section\">\n\t\t\t\t\t\t<div class=\"elementor-container elementor-column-gap-default\">\n\t\t\t\t\t\t\t<div class=\"elementor-row\">\n\t\t\t\t\t<div class=\"elementor-column elementor-col-100 elementor-top-column elementor-element elementor-element-5e1842d\" data-id=\"5e1842d\" data-element_type=\"column\">\n\t\t\t<div class=\"elementor-column-wrap elementor-element-populated\">\n\t\t\t\t\t\t\t<div class=\"elementor-widget-wrap\">\n\t\t\t\t\t\t<div class=\"elementor-element elementor-element-9827eee elementor-widget elementor-widget-heading\" data-id=\"9827eee\" data-element_type=\"widget\" data-widget_type=\"heading.default\">\n\t\t\t\t<div class=\"elementor-widget-container\">\n\t\t\t<h2 class=\"elementor-heading-title elementor-size-default\">Oslo : nature, culture et histoire<\/h2>\t\t<\/div>\n\t\t\t\t<\/div>\n\t\t\t\t\t\t<\/div>\n\t\t\t\t\t<\/div>\n\t\t<\/div>\n\t\t\t\t\t\t\t\t<\/div>\n\t\t\t\t\t<\/div>\n\t\t<\/section>\n\t\t\t\t<section class=\"elementor-section elementor-top-section elementor-element elementor-element-49e5e67 elementor-section-boxed elementor-section-height-default elementor-section-height-default\" data-id=\"49e5e67\" data-element_type=\"section\">\n\t\t\t\t\t\t<div class=\"elementor-container elementor-column-gap-default\">\n\t\t\t\t\t\t\t<div class=\"elementor-row\">\n\t\t\t\t\t<div class=\"elementor-column elementor-col-100 elementor-top-column elementor-element elementor-element-4f70393\" data-id=\"4f70393\" data-element_type=\"column\">\n\t\t\t<div class=\"elementor-column-wrap elementor-element-populated\">\n\t\t\t\t\t\t\t<div class=\"elementor-widget-wrap\">\n\t\t\t\t\t\t<div class=\"elementor-element elementor-element-9b76569 elementor-widget elementor-widget-text-editor\" data-id=\"9b76569\" data-element_type=\"widget\" data-widget_type=\"text-editor.default\">\n\t\t\t\t<div class=\"elementor-widget-container\">\n\t\t\t\t\t\t\t\t<div class=\"elementor-text-editor elementor-clearfix\">\n\t\t\t\t<p>La capitale norv\u00e9gienne, Oslo, est nich\u00e9e entre fjords majestueux et for\u00eats luxuriantes, offrant une combinaison parfaite entre nature et culture.<\/p><p>L\u2019un des points forts de la ville est le <strong>Vigeland Park<\/strong>, un parc de sculptures fascinant qui raconte l\u2019histoire de la vie humaine \u00e0 travers l\u2019art.<\/p><p>Les amateurs d\u2019histoire maritime appr\u00e9cieront le <strong>Mus\u00e9e des Bateaux Vikings<\/strong> ou le <strong>Mus\u00e9e Fram<\/strong>, qui retrace les exp\u00e9ditions polaires norv\u00e9giennes. Le <strong>Palais Royal<\/strong>, entour\u00e9 de magnifiques jardins, est un autre site embl\u00e9matique \u00e0 visiter.<\/p><p>Oslo est \u00e9galement r\u00e9put\u00e9e pour sa gastronomie, notamment ses produits de la mer frais comme le saumon ou les crevettes. Les restaurants et march\u00e9s locaux, comme le <strong>Mathallen<\/strong>, offrent une exp\u00e9rience culinaire authentique.<\/p>\t\t\t\t\t<\/div>\n\t\t\t\t\t\t<\/div>\n\t\t\t\t<\/div>\n\t\t\t\t\t\t<\/div>\n\t\t\t\t\t<\/div>\n\t\t<\/div>\n\t\t\t\t\t\t\t\t<\/div>\n\t\t\t\t\t<\/div>\n\t\t<\/section>\n\t\t\t\t<section class=\"elementor-section elementor-top-section elementor-element elementor-element-39802bd elementor-section-boxed elementor-section-height-default elementor-section-height-default\" data-id=\"39802bd\" data-element_type=\"section\">\n\t\t\t\t\t\t<div class=\"elementor-container elementor-column-gap-default\">\n\t\t\t\t\t\t\t<div class=\"elementor-row\">\n\t\t\t\t\t<div class=\"elementor-column elementor-col-100 elementor-top-column elementor-element elementor-element-7f8041b\" data-id=\"7f8041b\" data-element_type=\"column\">\n\t\t\t<div class=\"elementor-column-wrap elementor-element-populated\">\n\t\t\t\t\t\t\t<div class=\"elementor-widget-wrap\">\n\t\t\t\t\t\t<div class=\"elementor-element elementor-element-b58ee36 elementor-widget elementor-widget-heading\" data-id=\"b58ee36\" data-element_type=\"widget\" data-widget_type=\"heading.default\">\n\t\t\t\t<div class=\"elementor-widget-container\">\n\t\t\t<h2 class=\"elementor-heading-title elementor-size-default\">Un climat id\u00e9al pour explorer<\/h2>\t\t<\/div>\n\t\t\t\t<\/div>\n\t\t\t\t\t\t<\/div>\n\t\t\t\t\t<\/div>\n\t\t<\/div>\n\t\t\t\t\t\t\t\t<\/div>\n\t\t\t\t\t<\/div>\n\t\t<\/section>\n\t\t\t\t<section class=\"elementor-section elementor-top-section elementor-element elementor-element-2bec98b elementor-section-boxed elementor-section-height-default elementor-section-height-default\" data-id=\"2bec98b\" data-element_type=\"section\">\n\t\t\t\t\t\t<div class=\"elementor-container elementor-column-gap-default\">\n\t\t\t\t\t\t\t<div class=\"elementor-row\">\n\t\t\t\t\t<div class=\"elementor-column elementor-col-100 elementor-top-column elementor-element elementor-element-c7e4d28\" data-id=\"c7e4d28\" data-element_type=\"column\">\n\t\t\t<div class=\"elementor-column-wrap elementor-element-populated\">\n\t\t\t\t\t\t\t<div class=\"elementor-widget-wrap\">\n\t\t\t\t\t\t<div class=\"elementor-element elementor-element-5d68fe9 elementor-widget elementor-widget-text-editor\" data-id=\"5d68fe9\" data-element_type=\"widget\" data-widget_type=\"text-editor.default\">\n\t\t\t\t<div class=\"elementor-widget-container\">\n\t\t\t\t\t\t\t\t<div class=\"elementor-text-editor elementor-clearfix\">\n\t\t\t\t<p>Voyager en <strong>juin<\/strong> dans les capitales scandinaves est un choix id\u00e9al gr\u00e2ce \u00e0 des temp\u00e9ratures agr\u00e9ables, oscillant entre 15 et 25 degr\u00e9s. Cette p\u00e9riode co\u00efncide avec les longues journ\u00e9es d\u2019\u00e9t\u00e9, o\u00f9 le soleil ne se couche presque jamais, offrant davantage de temps pour explorer et profiter des paysages.<\/p><p>Cette saison est \u00e9galement propice aux activit\u00e9s de plein air, comme les croisi\u00e8res sur les canaux de Stockholm, les pique-niques dans les jardins royaux de Copenhague ou les randonn\u00e9es dans les environs d\u2019Oslo.<\/p>\t\t\t\t\t<\/div>\n\t\t\t\t\t\t<\/div>\n\t\t\t\t<\/div>\n\t\t\t\t\t\t<\/div>\n\t\t\t\t\t<\/div>\n\t\t<\/div>\n\t\t\t\t\t\t\t\t<\/div>\n\t\t\t\t\t<\/div>\n\t\t<\/section>\n\t\t\t\t<section class=\"elementor-section elementor-top-section elementor-element elementor-element-8668521 elementor-section-boxed elementor-section-height-default elementor-section-height-default\" data-id=\"8668521\" data-element_type=\"section\">\n\t\t\t\t\t\t<div class=\"elementor-container elementor-column-gap-default\">\n\t\t\t\t\t\t\t<div class=\"elementor-row\">\n\t\t\t\t\t<div class=\"elementor-column elementor-col-100 elementor-top-column elementor-element elementor-element-e894906\" data-id=\"e894906\" data-element_type=\"column\">\n\t\t\t<div class=\"elementor-column-wrap elementor-element-populated\">\n\t\t\t\t\t\t\t<div class=\"elementor-widget-wrap\">\n\t\t\t\t\t\t<div class=\"elementor-element elementor-element-1eee274 elementor-widget elementor-widget-heading\" data-id=\"1eee274\" data-element_type=\"widget\" data-widget_type=\"heading.default\">\n\t\t\t\t<div class=\"elementor-widget-container\">\n\t\t\t<h2 class=\"elementor-heading-title elementor-size-default\">Une Richesse Culturelle et Historique Incomparable<\/h2>\t\t<\/div>\n\t\t\t\t<\/div>\n\t\t\t\t\t\t<\/div>\n\t\t\t\t\t<\/div>\n\t\t<\/div>\n\t\t\t\t\t\t\t\t<\/div>\n\t\t\t\t\t<\/div>\n\t\t<\/section>\n\t\t\t\t<section class=\"elementor-section elementor-top-section elementor-element elementor-element-6e5ccf1 elementor-section-boxed elementor-section-height-default elementor-section-height-default\" data-id=\"6e5ccf1\" data-element_type=\"section\">\n\t\t\t\t\t\t<div class=\"elementor-container elementor-column-gap-default\">\n\t\t\t\t\t\t\t<div class=\"elementor-row\">\n\t\t\t\t\t<div class=\"elementor-column elementor-col-100 elementor-top-column elementor-element elementor-element-0e64a27\" data-id=\"0e64a27\" data-element_type=\"column\">\n\t\t\t<div class=\"elementor-column-wrap elementor-element-populated\">\n\t\t\t\t\t\t\t<div class=\"elementor-widget-wrap\">\n\t\t\t\t\t\t<div class=\"elementor-element elementor-element-05b1a9a elementor-widget elementor-widget-text-editor\" data-id=\"05b1a9a\" data-element_type=\"widget\" data-widget_type=\"text-editor.default\">\n\t\t\t\t<div class=\"elementor-widget-container\">\n\t\t\t\t\t\t\t\t<div class=\"elementor-text-editor elementor-clearfix\">\n\t\t\t\t<p>Les <strong>monuments embl\u00e9matiques<\/strong> de ces trois capitales racontent l\u2019histoire fascinante de la Scandinavie.<\/p><p>\u00c0 Stockholm, le <strong>City Hall<\/strong>, o\u00f9 se d\u00e9roule la remise des Prix Nobel, incarne l\u2019excellence su\u00e9doise. \u00c0 Copenhague, la visite du <strong>Ch\u00e2teau de Rosenborg<\/strong> d\u00e9voile les tr\u00e9sors royaux danois, tandis qu\u2019\u00e0 Oslo, la <strong>Forteresse d\u2019Akershus<\/strong> plonge les visiteurs dans l\u2019histoire m\u00e9di\u00e9vale norv\u00e9gienne.<\/p>\t\t\t\t\t<\/div>\n\t\t\t\t\t\t<\/div>\n\t\t\t\t<\/div>\n\t\t\t\t\t\t<\/div>\n\t\t\t\t\t<\/div>\n\t\t<\/div>\n\t\t\t\t\t\t\t\t<\/div>\n\t\t\t\t\t<\/div>\n\t\t<\/section>\n\t\t\t\t<section class=\"elementor-section elementor-top-section elementor-element elementor-element-ec6a4ee elementor-section-boxed elementor-section-height-default elementor-section-height-default\" data-id=\"ec6a4ee\" data-element_type=\"section\">\n\t\t\t\t\t\t<div class=\"elementor-container elementor-column-gap-default\">\n\t\t\t\t\t\t\t<div class=\"elementor-row\">\n\t\t\t\t\t<div class=\"elementor-column elementor-col-100 elementor-top-column elementor-element elementor-element-fd9c365\" data-id=\"fd9c365\" data-element_type=\"column\">\n\t\t\t<div class=\"elementor-column-wrap elementor-element-populated\">\n\t\t\t\t\t\t\t<div class=\"elementor-widget-wrap\">\n\t\t\t\t\t\t<div class=\"elementor-element elementor-element-87a87cf elementor-widget elementor-widget-heading\" data-id=\"87a87cf\" data-element_type=\"widget\" data-widget_type=\"heading.default\">\n\t\t\t\t<div class=\"elementor-widget-container\">\n\t\t\t<h2 class=\"elementor-heading-title elementor-size-default\">Pourquoi choisir ce circuit ?<\/h2>\t\t<\/div>\n\t\t\t\t<\/div>\n\t\t\t\t\t\t<\/div>\n\t\t\t\t\t<\/div>\n\t\t<\/div>\n\t\t\t\t\t\t\t\t<\/div>\n\t\t\t\t\t<\/div>\n\t\t<\/section>\n\t\t\t\t<section class=\"elementor-section elementor-top-section elementor-element elementor-element-eb981cf elementor-section-boxed elementor-section-height-default elementor-section-height-default\" data-id=\"eb981cf\" data-element_type=\"section\">\n\t\t\t\t\t\t<div class=\"elementor-container elementor-column-gap-default\">\n\t\t\t\t\t\t\t<div class=\"elementor-row\">\n\t\t\t\t\t<div class=\"elementor-column elementor-col-100 elementor-top-column elementor-element elementor-element-080b731\" data-id=\"080b731\" data-element_type=\"column\">\n\t\t\t<div class=\"elementor-column-wrap elementor-element-populated\">\n\t\t\t\t\t\t\t<div class=\"elementor-widget-wrap\">\n\t\t\t\t\t\t<div class=\"elementor-element elementor-element-8c8d0cd elementor-widget elementor-widget-text-editor\" data-id=\"8c8d0cd\" data-element_type=\"widget\" data-widget_type=\"text-editor.default\">\n\t\t\t\t<div class=\"elementor-widget-container\">\n\t\t\t\t\t\t\t\t<div class=\"elementor-text-editor elementor-clearfix\">\n\t\t\t\t<p>Ce voyage est une occasion unique de d\u00e9couvrir trois cultures nordiques riches et vari\u00e9es. Que vous soyez attir\u00e9 par l\u2019histoire, la gastronomie, l\u2019art ou simplement par la beaut\u00e9 des paysages, ces capitales offrent une exp\u00e9rience compl\u00e8te.<\/p><p>Avec leurs traditions pr\u00e9serv\u00e9es, leur climat agr\u00e9able en \u00e9t\u00e9 et leur hospitalit\u00e9 l\u00e9gendaire, Stockholm, Copenhague et Oslo promettent un <strong>s\u00e9jour inoubliable<\/strong>. Ce circuit scandinave n\u2019est pas qu\u2019un simple voyage : c\u2019est une immersion au c\u0153ur de la culture nordique, entre modernit\u00e9 et authenticit\u00e9.<\/p><p>Alors, pr\u00eat \u00e0 vous laisser s\u00e9duire par les charmes de la Scandinavie ?<\/p>\t\t\t\t\t<\/div>\n\t\t\t\t\t\t<\/div>\n\t\t\t\t<\/div>\n\t\t\t\t\t\t<\/div>\n\t\t\t\t\t<\/div>\n\t\t<\/div>\n\t\t\t\t\t\t\t\t<\/div>\n\t\t\t\t\t<\/div>\n\t\t<\/section>\n\t\t\t\t\t\t\t\t\t<\/div>\n\t\t\t<\/div>\n\t\t\t\t\t<\/div>\n\t\t","protected":false},"excerpt":{"rendered":"<p>D\u00e9couvrir les capitales scandinaves en plein mois de juin est une exp\u00e9rience unique o\u00f9 la culture, les traditions, la gastronomie et l\u2019histoire s\u2019entrem\u00ealent pour offrir un voyage organis\u00e9 m\u00e9morable. Entre Stockholm, Copenhague et Oslo, chaque capitale a son charme et ses tr\u00e9sors \u00e0 d\u00e9voiler. Pr\u00e9parez-vous \u00e0 plonger dans l\u2019art de vivre nordique tout en admirant [&hellip;]<\/p>\n","protected":false},"author":4,"featured_media":5136,"comment_status":"open","ping_status":"open","sticky":false,"template":"","format":"standard","meta":{"_jetpack_memberships_contains_paid_content":false,"footnotes":""},"categories":[65,62,24,60],"tags":[],"class_list":["post-5120","post","type-post","status-publish","format-standard","has-post-thumbnail","hentry","category-guide-voyage","category-on-a-voyage-pour-vous","category-travel","category-voyage"],"yoast_head":"<!-- This site is optimized with the Yoast SEO plugin v21.1 - https:\/\/yoast.com\/wordpress\/plugins\/seo\/ -->\n<title>Les Capitales Scandinaves Un Voyage Culturel Inoubliable en \u00c9t\u00e9 - Blog activetravel<\/title>\n<meta name=\"robots\" content=\"index, follow, max-snippet:-1, max-image-preview:large, max-video-preview:-1\" \/>\n<link rel=\"canonical\" href=\"https:\/\/blog.activetravel.com.tn\/index.php\/2025\/01\/24\/les-capitales-scandinaves-un-voyage-culturel-inoubliable-en-ete\/\" \/>\n<meta property=\"og:locale\" content=\"fr_FR\" \/>\n<meta property=\"og:type\" content=\"article\" \/>\n<meta property=\"og:title\" content=\"Les Capitales Scandinaves Un Voyage Culturel Inoubliable en \u00c9t\u00e9 - Blog activetravel\" \/>\n<meta property=\"og:description\" content=\"D\u00e9couvrir les capitales scandinaves en plein mois de juin est une exp\u00e9rience unique o\u00f9 la culture, les traditions, la gastronomie et l\u2019histoire s\u2019entrem\u00ealent pour offrir un voyage organis\u00e9 m\u00e9morable. Entre Stockholm, Copenhague et Oslo, chaque capitale a son charme et ses tr\u00e9sors \u00e0 d\u00e9voiler. Pr\u00e9parez-vous \u00e0 plonger dans l\u2019art de vivre nordique tout en admirant [&hellip;]\" \/>\n<meta property=\"og:url\" content=\"https:\/\/blog.activetravel.com.tn\/index.php\/2025\/01\/24\/les-capitales-scandinaves-un-voyage-culturel-inoubliable-en-ete\/\" \/>\n<meta property=\"og:site_name\" content=\"Blog activetravel\" \/>\n<meta property=\"article:published_time\" content=\"2025-01-24T13:31:13+00:00\" \/>\n<meta property=\"article:modified_time\" content=\"2025-04-18T09:08:34+00:00\" \/>\n<meta property=\"og:image\" content=\"https:\/\/blog.activetravel.com.tn\/wp-content\/uploads\/2025\/01\/Voyage-capitales-scandinaves.jpg\" \/>\n\t<meta property=\"og:image:width\" content=\"900\" \/>\n\t<meta property=\"og:image:height\" content=\"600\" \/>\n\t<meta property=\"og:image:type\" content=\"image\/jpeg\" \/>\n<meta name=\"author\" content=\"user-activetravel\" \/>\n<meta name=\"twitter:card\" content=\"summary_large_image\" \/>\n<meta name=\"twitter:label1\" content=\"\u00c9crit par\" \/>\n\t<meta name=\"twitter:data1\" content=\"user-activetravel\" \/>\n\t<meta name=\"twitter:label2\" content=\"Dur\u00e9e de lecture estim\u00e9e\" \/>\n\t<meta name=\"twitter:data2\" content=\"5 minutes\" \/>\n<script type=\"application\/ld+json\" class=\"yoast-schema-graph\">{\"@context\":\"https:\/\/schema.org\",\"@graph\":[{\"@type\":\"WebPage\",\"@id\":\"https:\/\/blog.activetravel.com.tn\/index.php\/2025\/01\/24\/les-capitales-scandinaves-un-voyage-culturel-inoubliable-en-ete\/\",\"url\":\"https:\/\/blog.activetravel.com.tn\/index.php\/2025\/01\/24\/les-capitales-scandinaves-un-voyage-culturel-inoubliable-en-ete\/\",\"name\":\"Les Capitales Scandinaves Un Voyage Culturel Inoubliable en \u00c9t\u00e9 - Blog activetravel\",\"isPartOf\":{\"@id\":\"https:\/\/blog.activetravel.com.tn\/#website\"},\"datePublished\":\"2025-01-24T13:31:13+00:00\",\"dateModified\":\"2025-04-18T09:08:34+00:00\",\"author\":{\"@id\":\"https:\/\/blog.activetravel.com.tn\/#\/schema\/person\/efed5c7d1e7a3d6a9f27c0064001a4ab\"},\"breadcrumb\":{\"@id\":\"https:\/\/blog.activetravel.com.tn\/index.php\/2025\/01\/24\/les-capitales-scandinaves-un-voyage-culturel-inoubliable-en-ete\/#breadcrumb\"},\"inLanguage\":\"fr-FR\",\"potentialAction\":[{\"@type\":\"ReadAction\",\"target\":[\"https:\/\/blog.activetravel.com.tn\/index.php\/2025\/01\/24\/les-capitales-scandinaves-un-voyage-culturel-inoubliable-en-ete\/\"]}]},{\"@type\":\"BreadcrumbList\",\"@id\":\"https:\/\/blog.activetravel.com.tn\/index.php\/2025\/01\/24\/les-capitales-scandinaves-un-voyage-culturel-inoubliable-en-ete\/#breadcrumb\",\"itemListElement\":[{\"@type\":\"ListItem\",\"position\":1,\"name\":\"Accueil\",\"item\":\"https:\/\/blog.activetravel.com.tn\/\"},{\"@type\":\"ListItem\",\"position\":2,\"name\":\"Les Capitales Scandinaves Un Voyage Culturel Inoubliable en \u00c9t\u00e9\"}]},{\"@type\":\"WebSite\",\"@id\":\"https:\/\/blog.activetravel.com.tn\/#website\",\"url\":\"https:\/\/blog.activetravel.com.tn\/\",\"name\":\"Blog activetravel\",\"description\":\"Agence de voyage Tunisie : R\u00e9servation h\u00f4tels chez Active Travel, la meilleure agence de voyages Tunisie.\",\"potentialAction\":[{\"@type\":\"SearchAction\",\"target\":{\"@type\":\"EntryPoint\",\"urlTemplate\":\"https:\/\/blog.activetravel.com.tn\/?s={search_term_string}\"},\"query-input\":\"required name=search_term_string\"}],\"inLanguage\":\"fr-FR\"},{\"@type\":\"Person\",\"@id\":\"https:\/\/blog.activetravel.com.tn\/#\/schema\/person\/efed5c7d1e7a3d6a9f27c0064001a4ab\",\"name\":\"user-activetravel\",\"image\":{\"@type\":\"ImageObject\",\"inLanguage\":\"fr-FR\",\"@id\":\"https:\/\/blog.activetravel.com.tn\/#\/schema\/person\/image\/\",\"url\":\"https:\/\/secure.gravatar.com\/avatar\/d4ee43dc1dac7aa76aa54a064263112143b452b30faa743c9e6b972f4d6be826?s=96&d=mm&r=g\",\"contentUrl\":\"https:\/\/secure.gravatar.com\/avatar\/d4ee43dc1dac7aa76aa54a064263112143b452b30faa743c9e6b972f4d6be826?s=96&d=mm&r=g\",\"caption\":\"user-activetravel\"},\"url\":\"https:\/\/blog.activetravel.com.tn\/index.php\/author\/user-activetravel\/\"}]}<\/script>\n<!-- \/ Yoast SEO plugin. -->","yoast_head_json":{"title":"Les Capitales Scandinaves Un Voyage Culturel Inoubliable en \u00c9t\u00e9 - Blog activetravel","robots":{"index":"index","follow":"follow","max-snippet":"max-snippet:-1","max-image-preview":"max-image-preview:large","max-video-preview":"max-video-preview:-1"},"canonical":"https:\/\/blog.activetravel.com.tn\/index.php\/2025\/01\/24\/les-capitales-scandinaves-un-voyage-culturel-inoubliable-en-ete\/","og_locale":"fr_FR","og_type":"article","og_title":"Les Capitales Scandinaves Un Voyage Culturel Inoubliable en \u00c9t\u00e9 - Blog activetravel","og_description":"D\u00e9couvrir les capitales scandinaves en plein mois de juin est une exp\u00e9rience unique o\u00f9 la culture, les traditions, la gastronomie et l\u2019histoire s\u2019entrem\u00ealent pour offrir un voyage organis\u00e9 m\u00e9morable. Entre Stockholm, Copenhague et Oslo, chaque capitale a son charme et ses tr\u00e9sors \u00e0 d\u00e9voiler. Pr\u00e9parez-vous \u00e0 plonger dans l\u2019art de vivre nordique tout en admirant [&hellip;]","og_url":"https:\/\/blog.activetravel.com.tn\/index.php\/2025\/01\/24\/les-capitales-scandinaves-un-voyage-culturel-inoubliable-en-ete\/","og_site_name":"Blog activetravel","article_published_time":"2025-01-24T13:31:13+00:00","article_modified_time":"2025-04-18T09:08:34+00:00","og_image":[{"width":900,"height":600,"url":"https:\/\/blog.activetravel.com.tn\/wp-content\/uploads\/2025\/01\/Voyage-capitales-scandinaves.jpg","type":"image\/jpeg"}],"author":"user-activetravel","twitter_card":"summary_large_image","twitter_misc":{"\u00c9crit par":"user-activetravel","Dur\u00e9e de lecture estim\u00e9e":"5 minutes"},"schema":{"@context":"https:\/\/schema.org","@graph":[{"@type":"WebPage","@id":"https:\/\/blog.activetravel.com.tn\/index.php\/2025\/01\/24\/les-capitales-scandinaves-un-voyage-culturel-inoubliable-en-ete\/","url":"https:\/\/blog.activetravel.com.tn\/index.php\/2025\/01\/24\/les-capitales-scandinaves-un-voyage-culturel-inoubliable-en-ete\/","name":"Les Capitales Scandinaves Un Voyage Culturel Inoubliable en \u00c9t\u00e9 - Blog activetravel","isPartOf":{"@id":"https:\/\/blog.activetravel.com.tn\/#website"},"datePublished":"2025-01-24T13:31:13+00:00","dateModified":"2025-04-18T09:08:34+00:00","author":{"@id":"https:\/\/blog.activetravel.com.tn\/#\/schema\/person\/efed5c7d1e7a3d6a9f27c0064001a4ab"},"breadcrumb":{"@id":"https:\/\/blog.activetravel.com.tn\/index.php\/2025\/01\/24\/les-capitales-scandinaves-un-voyage-culturel-inoubliable-en-ete\/#breadcrumb"},"inLanguage":"fr-FR","potentialAction":[{"@type":"ReadAction","target":["https:\/\/blog.activetravel.com.tn\/index.php\/2025\/01\/24\/les-capitales-scandinaves-un-voyage-culturel-inoubliable-en-ete\/"]}]},{"@type":"BreadcrumbList","@id":"https:\/\/blog.activetravel.com.tn\/index.php\/2025\/01\/24\/les-capitales-scandinaves-un-voyage-culturel-inoubliable-en-ete\/#breadcrumb","itemListElement":[{"@type":"ListItem","position":1,"name":"Accueil","item":"https:\/\/blog.activetravel.com.tn\/"},{"@type":"ListItem","position":2,"name":"Les Capitales Scandinaves Un Voyage Culturel Inoubliable en \u00c9t\u00e9"}]},{"@type":"WebSite","@id":"https:\/\/blog.activetravel.com.tn\/#website","url":"https:\/\/blog.activetravel.com.tn\/","name":"Blog activetravel","description":"Agence de voyage Tunisie : R\u00e9servation h\u00f4tels chez Active Travel, la meilleure agence de voyages Tunisie.","potentialAction":[{"@type":"SearchAction","target":{"@type":"EntryPoint","urlTemplate":"https:\/\/blog.activetravel.com.tn\/?s={search_term_string}"},"query-input":"required name=search_term_string"}],"inLanguage":"fr-FR"},{"@type":"Person","@id":"https:\/\/blog.activetravel.com.tn\/#\/schema\/person\/efed5c7d1e7a3d6a9f27c0064001a4ab","name":"user-activetravel","image":{"@type":"ImageObject","inLanguage":"fr-FR","@id":"https:\/\/blog.activetravel.com.tn\/#\/schema\/person\/image\/","url":"https:\/\/secure.gravatar.com\/avatar\/d4ee43dc1dac7aa76aa54a064263112143b452b30faa743c9e6b972f4d6be826?s=96&d=mm&r=g","contentUrl":"https:\/\/secure.gravatar.com\/avatar\/d4ee43dc1dac7aa76aa54a064263112143b452b30faa743c9e6b972f4d6be826?s=96&d=mm&r=g","caption":"user-activetravel"},"url":"https:\/\/blog.activetravel.com.tn\/index.php\/author\/user-activetravel\/"}]}},"jetpack_featured_media_url":"https:\/\/blog.activetravel.com.tn\/wp-content\/uploads\/2025\/01\/Voyage-capitales-scandinaves.jpg","jetpack_sharing_enabled":true,"_links":{"self":[{"href":"https:\/\/blog.activetravel.com.tn\/index.php\/wp-json\/wp\/v2\/posts\/5120","targetHints":{"allow":["GET"]}}],"collection":[{"href":"https:\/\/blog.activetravel.com.tn\/index.php\/wp-json\/wp\/v2\/posts"}],"about":[{"href":"https:\/\/blog.activetravel.com.tn\/index.php\/wp-json\/wp\/v2\/types\/post"}],"author":[{"embeddable":true,"href":"https:\/\/blog.activetravel.com.tn\/index.php\/wp-json\/wp\/v2\/users\/4"}],"replies":[{"embeddable":true,"href":"https:\/\/blog.activetravel.com.tn\/index.php\/wp-json\/wp\/v2\/comments?post=5120"}],"version-history":[{"count":18,"href":"https:\/\/blog.activetravel.com.tn\/index.php\/wp-json\/wp\/v2\/posts\/5120\/revisions"}],"predecessor-version":[{"id":5302,"href":"https:\/\/blog.activetravel.com.tn\/index.php\/wp-json\/wp\/v2\/posts\/5120\/revisions\/5302"}],"wp:featuredmedia":[{"embeddable":true,"href":"https:\/\/blog.activetravel.com.tn\/index.php\/wp-json\/wp\/v2\/media\/5136"}],"wp:attachment":[{"href":"https:\/\/blog.activetravel.com.tn\/index.php\/wp-json\/wp\/v2\/media?parent=5120"}],"wp:term":[{"taxonomy":"category","embeddable":true,"href":"https:\/\/blog.activetravel.com.tn\/index.php\/wp-json\/wp\/v2\/categories?post=5120"},{"taxonomy":"post_tag","embeddable":true,"href":"https:\/\/blog.activetravel.com.tn\/index.php\/wp-json\/wp\/v2\/tags?post=5120"}],"curies":[{"name":"wp","href":"https:\/\/api.w.org\/{rel}","templated":true}]}}