{"id":5073,"date":"2025-01-13T14:35:06","date_gmt":"2025-01-13T13:35:06","guid":{"rendered":"https:\/\/blog.activetravel.com.tn\/?p=5073"},"modified":"2025-01-13T15:01:55","modified_gmt":"2025-01-13T14:01:55","slug":"vivez-la-magie-de-leurope-centrale-prague-bratislava-budapest-et-vienne","status":"publish","type":"post","link":"https:\/\/blog.activetravel.com.tn\/index.php\/2025\/01\/13\/vivez-la-magie-de-leurope-centrale-prague-bratislava-budapest-et-vienne\/","title":{"rendered":"Vivez la magie de l\u2019Europe Centrale  Prague, Bratislava, Budapest et Vienne"},"content":{"rendered":"\t\t<div data-elementor-type=\"wp-post\" data-elementor-id=\"5073\" class=\"elementor elementor-5073\">\n\t\t\t\t\t\t<div class=\"elementor-inner\">\n\t\t\t\t<div class=\"elementor-section-wrap\">\n\t\t\t\t\t\t\t\t\t<section class=\"elementor-section elementor-top-section elementor-element elementor-element-696cb63 elementor-section-boxed elementor-section-height-default elementor-section-height-default\" data-id=\"696cb63\" data-element_type=\"section\">\n\t\t\t\t\t\t<div class=\"elementor-container elementor-column-gap-default\">\n\t\t\t\t\t\t\t<div class=\"elementor-row\">\n\t\t\t\t\t<div class=\"elementor-column elementor-col-20 elementor-top-column elementor-element elementor-element-3ba8ae9\" data-id=\"3ba8ae9\" data-element_type=\"column\">\n\t\t\t<div class=\"elementor-column-wrap elementor-element-populated\">\n\t\t\t\t\t\t\t<div class=\"elementor-widget-wrap\">\n\t\t\t\t\t\t<div class=\"elementor-element elementor-element-191fda4 elementor-widget elementor-widget-image\" data-id=\"191fda4\" data-element_type=\"widget\" data-widget_type=\"image.default\">\n\t\t\t\t<div class=\"elementor-widget-container\">\n\t\t\t<style>\/*! elementor - v3.16.0 - 13-09-2023 *\/\n.elementor-widget-image{text-align:center}.elementor-widget-image a{display:inline-block}.elementor-widget-image a img[src$=\".svg\"]{width:48px}.elementor-widget-image img{vertical-align:middle;display:inline-block}<\/style>\t\t\t\t\t<div class=\"elementor-image\">\n\t\t\t\t\t\t\t\t\t\t\t\t<img loading=\"lazy\" decoding=\"async\" width=\"860\" height=\"573\" src=\"https:\/\/blog.activetravel.com.tn\/wp-content\/uploads\/2025\/01\/europe-centrale-vienne.jpg\" class=\"attachment-large size-large wp-image-5092\" alt=\"\" \/>\t\t\t\t\t\t\t\t\t\t\t\t\t\t<\/div>\n\t\t\t\t\t\t<\/div>\n\t\t\t\t<\/div>\n\t\t\t\t\t\t<\/div>\n\t\t\t\t\t<\/div>\n\t\t<\/div>\n\t\t\t\t<div class=\"elementor-column elementor-col-20 elementor-top-column elementor-element elementor-element-f1e728e\" data-id=\"f1e728e\" data-element_type=\"column\">\n\t\t\t<div class=\"elementor-column-wrap elementor-element-populated\">\n\t\t\t\t\t\t\t<div class=\"elementor-widget-wrap\">\n\t\t\t\t\t\t<div class=\"elementor-element elementor-element-8745e5d elementor-widget elementor-widget-image\" data-id=\"8745e5d\" data-element_type=\"widget\" data-widget_type=\"image.default\">\n\t\t\t\t<div class=\"elementor-widget-container\">\n\t\t\t\t\t\t\t\t<div class=\"elementor-image\">\n\t\t\t\t\t\t\t\t\t\t\t\t<img loading=\"lazy\" decoding=\"async\" width=\"860\" height=\"573\" src=\"https:\/\/blog.activetravel.com.tn\/wp-content\/uploads\/2025\/01\/europe-centrale-prague2-1.jpg\" class=\"attachment-large size-large wp-image-5091\" alt=\"\" \/>\t\t\t\t\t\t\t\t\t\t\t\t\t\t<\/div>\n\t\t\t\t\t\t<\/div>\n\t\t\t\t<\/div>\n\t\t\t\t\t\t<\/div>\n\t\t\t\t\t<\/div>\n\t\t<\/div>\n\t\t\t\t<div class=\"elementor-column elementor-col-20 elementor-top-column elementor-element elementor-element-0fd7237\" data-id=\"0fd7237\" data-element_type=\"column\">\n\t\t\t<div class=\"elementor-column-wrap elementor-element-populated\">\n\t\t\t\t\t\t\t<div class=\"elementor-widget-wrap\">\n\t\t\t\t\t\t<div class=\"elementor-element elementor-element-8e05cb2 elementor-widget elementor-widget-image\" data-id=\"8e05cb2\" data-element_type=\"widget\" data-widget_type=\"image.default\">\n\t\t\t\t<div class=\"elementor-widget-container\">\n\t\t\t\t\t\t\t\t<div class=\"elementor-image\">\n\t\t\t\t\t\t\t\t\t\t\t\t<img loading=\"lazy\" decoding=\"async\" width=\"860\" height=\"573\" src=\"https:\/\/blog.activetravel.com.tn\/wp-content\/uploads\/2025\/01\/europe-centrale-prague-1.jpg\" class=\"attachment-large size-large wp-image-5090\" alt=\"\" \/>\t\t\t\t\t\t\t\t\t\t\t\t\t\t<\/div>\n\t\t\t\t\t\t<\/div>\n\t\t\t\t<\/div>\n\t\t\t\t\t\t<\/div>\n\t\t\t\t\t<\/div>\n\t\t<\/div>\n\t\t\t\t<div class=\"elementor-column elementor-col-20 elementor-top-column elementor-element elementor-element-5045b03\" data-id=\"5045b03\" data-element_type=\"column\">\n\t\t\t<div class=\"elementor-column-wrap elementor-element-populated\">\n\t\t\t\t\t\t\t<div class=\"elementor-widget-wrap\">\n\t\t\t\t\t\t<div class=\"elementor-element elementor-element-d32de10 elementor-widget elementor-widget-image\" data-id=\"d32de10\" data-element_type=\"widget\" data-widget_type=\"image.default\">\n\t\t\t\t<div class=\"elementor-widget-container\">\n\t\t\t\t\t\t\t\t<div class=\"elementor-image\">\n\t\t\t\t\t\t\t\t\t\t\t\t<img loading=\"lazy\" decoding=\"async\" width=\"860\" height=\"573\" src=\"https:\/\/blog.activetravel.com.tn\/wp-content\/uploads\/2025\/01\/europe-centrale-budapest-1.jpg\" class=\"attachment-large size-large wp-image-5089\" alt=\"\" \/>\t\t\t\t\t\t\t\t\t\t\t\t\t\t<\/div>\n\t\t\t\t\t\t<\/div>\n\t\t\t\t<\/div>\n\t\t\t\t\t\t<\/div>\n\t\t\t\t\t<\/div>\n\t\t<\/div>\n\t\t\t\t<div class=\"elementor-column elementor-col-20 elementor-top-column elementor-element elementor-element-77752ed\" data-id=\"77752ed\" data-element_type=\"column\">\n\t\t\t<div class=\"elementor-column-wrap elementor-element-populated\">\n\t\t\t\t\t\t\t<div class=\"elementor-widget-wrap\">\n\t\t\t\t\t\t<div class=\"elementor-element elementor-element-5ca4cff elementor-widget elementor-widget-image\" data-id=\"5ca4cff\" data-element_type=\"widget\" data-widget_type=\"image.default\">\n\t\t\t\t<div class=\"elementor-widget-container\">\n\t\t\t\t\t\t\t\t<div class=\"elementor-image\">\n\t\t\t\t\t\t\t\t\t\t\t\t<img loading=\"lazy\" decoding=\"async\" width=\"860\" height=\"573\" src=\"https:\/\/blog.activetravel.com.tn\/wp-content\/uploads\/2025\/01\/europe-centrale-bratislava-1.jpg\" class=\"attachment-large size-large wp-image-5085\" alt=\"\" \/>\t\t\t\t\t\t\t\t\t\t\t\t\t\t<\/div>\n\t\t\t\t\t\t<\/div>\n\t\t\t\t<\/div>\n\t\t\t\t\t\t<\/div>\n\t\t\t\t\t<\/div>\n\t\t<\/div>\n\t\t\t\t\t\t\t\t<\/div>\n\t\t\t\t\t<\/div>\n\t\t<\/section>\n\t\t\t\t<section class=\"elementor-section elementor-top-section elementor-element elementor-element-731c7ef elementor-section-boxed elementor-section-height-default elementor-section-height-default\" data-id=\"731c7ef\" data-element_type=\"section\">\n\t\t\t\t\t\t<div class=\"elementor-container elementor-column-gap-default\">\n\t\t\t\t\t\t\t<div class=\"elementor-row\">\n\t\t\t\t\t<div class=\"elementor-column elementor-col-100 elementor-top-column elementor-element elementor-element-d23b54b\" data-id=\"d23b54b\" data-element_type=\"column\">\n\t\t\t<div class=\"elementor-column-wrap elementor-element-populated\">\n\t\t\t\t\t\t\t<div class=\"elementor-widget-wrap\">\n\t\t\t\t\t\t<div class=\"elementor-element elementor-element-404a4ec elementor-widget elementor-widget-text-editor\" data-id=\"404a4ec\" data-element_type=\"widget\" data-widget_type=\"text-editor.default\">\n\t\t\t\t<div class=\"elementor-widget-container\">\n\t\t\t<style>\/*! elementor - v3.16.0 - 13-09-2023 *\/\n.elementor-widget-text-editor.elementor-drop-cap-view-stacked .elementor-drop-cap{background-color:#69727d;color:#fff}.elementor-widget-text-editor.elementor-drop-cap-view-framed .elementor-drop-cap{color:#69727d;border:3px solid;background-color:transparent}.elementor-widget-text-editor:not(.elementor-drop-cap-view-default) .elementor-drop-cap{margin-top:8px}.elementor-widget-text-editor:not(.elementor-drop-cap-view-default) .elementor-drop-cap-letter{width:1em;height:1em}.elementor-widget-text-editor .elementor-drop-cap{float:left;text-align:center;line-height:1;font-size:50px}.elementor-widget-text-editor .elementor-drop-cap-letter{display:inline-block}<\/style>\t\t\t\t\t<div class=\"elementor-text-editor elementor-clearfix\">\n\t\t\t\t<p>D\u00e9couvrez l&#8217;Europe Centrale en mai, une p\u00e9riode id\u00e9ale pour explorer les <strong>tr\u00e9sors culturels et architecturaux<\/strong> de quatre villes embl\u00e9matiques : <strong>Prague<\/strong>, <strong>Bratislava<\/strong>, <strong>Budapest<\/strong> et <strong>Vienne<\/strong>. Ce circuit vous transporte dans un univers empreint d\u2019histoire, de beaut\u00e9 naturelle et d\u2019exp\u00e9riences culinaires inoubliables. Que vous soyez passionn\u00e9 de monuments historiques, amateur de gastronomie ou en qu\u00eate de paysages enchanteurs, cette escapade a tout pour plaire.<\/p>\t\t\t\t\t<\/div>\n\t\t\t\t\t\t<\/div>\n\t\t\t\t<\/div>\n\t\t\t\t\t\t<\/div>\n\t\t\t\t\t<\/div>\n\t\t<\/div>\n\t\t\t\t\t\t\t\t<\/div>\n\t\t\t\t\t<\/div>\n\t\t<\/section>\n\t\t\t\t<section class=\"elementor-section elementor-top-section elementor-element elementor-element-3ae7f49 elementor-section-boxed elementor-section-height-default elementor-section-height-default\" data-id=\"3ae7f49\" data-element_type=\"section\">\n\t\t\t\t\t\t<div class=\"elementor-container elementor-column-gap-default\">\n\t\t\t\t\t\t\t<div class=\"elementor-row\">\n\t\t\t\t\t<div class=\"elementor-column elementor-col-100 elementor-top-column elementor-element elementor-element-e4b2a33\" data-id=\"e4b2a33\" data-element_type=\"column\">\n\t\t\t<div class=\"elementor-column-wrap elementor-element-populated\">\n\t\t\t\t\t\t\t<div class=\"elementor-widget-wrap\">\n\t\t\t\t\t\t<div class=\"elementor-element elementor-element-8e8087e elementor-widget elementor-widget-heading\" data-id=\"8e8087e\" data-element_type=\"widget\" data-widget_type=\"heading.default\">\n\t\t\t\t<div class=\"elementor-widget-container\">\n\t\t\t<style>\/*! elementor - v3.16.0 - 13-09-2023 *\/\n.elementor-heading-title{padding:0;margin:0;line-height:1}.elementor-widget-heading .elementor-heading-title[class*=elementor-size-]>a{color:inherit;font-size:inherit;line-height:inherit}.elementor-widget-heading .elementor-heading-title.elementor-size-small{font-size:15px}.elementor-widget-heading .elementor-heading-title.elementor-size-medium{font-size:19px}.elementor-widget-heading .elementor-heading-title.elementor-size-large{font-size:29px}.elementor-widget-heading .elementor-heading-title.elementor-size-xl{font-size:39px}.elementor-widget-heading .elementor-heading-title.elementor-size-xxl{font-size:59px}<\/style><h2 class=\"elementor-heading-title elementor-size-default\">Pourquoi choisir un circuit en Europe Centrale en mai ?<\/h2>\t\t<\/div>\n\t\t\t\t<\/div>\n\t\t\t\t\t\t<\/div>\n\t\t\t\t\t<\/div>\n\t\t<\/div>\n\t\t\t\t\t\t\t\t<\/div>\n\t\t\t\t\t<\/div>\n\t\t<\/section>\n\t\t\t\t<section class=\"elementor-section elementor-top-section elementor-element elementor-element-1ad08ef elementor-section-boxed elementor-section-height-default elementor-section-height-default\" data-id=\"1ad08ef\" data-element_type=\"section\">\n\t\t\t\t\t\t<div class=\"elementor-container elementor-column-gap-default\">\n\t\t\t\t\t\t\t<div class=\"elementor-row\">\n\t\t\t\t\t<div class=\"elementor-column elementor-col-100 elementor-top-column elementor-element elementor-element-0995817\" data-id=\"0995817\" data-element_type=\"column\">\n\t\t\t<div class=\"elementor-column-wrap elementor-element-populated\">\n\t\t\t\t\t\t\t<div class=\"elementor-widget-wrap\">\n\t\t\t\t\t\t<div class=\"elementor-element elementor-element-c64544c elementor-widget elementor-widget-text-editor\" data-id=\"c64544c\" data-element_type=\"widget\" data-widget_type=\"text-editor.default\">\n\t\t\t\t<div class=\"elementor-widget-container\">\n\t\t\t\t\t\t\t\t<div class=\"elementor-text-editor elementor-clearfix\">\n\t\t\t\t<p>Le mois de mai offre un climat doux et agr\u00e9able, parfait pour les promenades en plein air et la d\u00e9couverte des ruelles pittoresques.<\/p><p>Les temp\u00e9ratures printani\u00e8res oscillent entre 15 et 25 degr\u00e9s, permettant de profiter pleinement des visites sans l\u2019afflux touristique de l\u2019\u00e9t\u00e9. De plus, cette saison met en lumi\u00e8re les parcs fleuris, les terrasses anim\u00e9es et les paysages verdoyants, caract\u00e9ristiques de cette r\u00e9gion.<\/p>\t\t\t\t\t<\/div>\n\t\t\t\t\t\t<\/div>\n\t\t\t\t<\/div>\n\t\t\t\t\t\t<\/div>\n\t\t\t\t\t<\/div>\n\t\t<\/div>\n\t\t\t\t\t\t\t\t<\/div>\n\t\t\t\t\t<\/div>\n\t\t<\/section>\n\t\t\t\t<section class=\"elementor-section elementor-top-section elementor-element elementor-element-ec2a0aa elementor-section-boxed elementor-section-height-default elementor-section-height-default\" data-id=\"ec2a0aa\" data-element_type=\"section\">\n\t\t\t\t\t\t<div class=\"elementor-container elementor-column-gap-default\">\n\t\t\t\t\t\t\t<div class=\"elementor-row\">\n\t\t\t\t\t<div class=\"elementor-column elementor-col-100 elementor-top-column elementor-element elementor-element-b1eacd3\" data-id=\"b1eacd3\" data-element_type=\"column\">\n\t\t\t<div class=\"elementor-column-wrap elementor-element-populated\">\n\t\t\t\t\t\t\t<div class=\"elementor-widget-wrap\">\n\t\t\t\t\t\t<div class=\"elementor-element elementor-element-bc5db33 elementor-widget elementor-widget-heading\" data-id=\"bc5db33\" data-element_type=\"widget\" data-widget_type=\"heading.default\">\n\t\t\t\t<div class=\"elementor-widget-container\">\n\t\t\t<h3 class=\"elementor-heading-title elementor-size-default\">Prague : La Perle de la Boh\u00eame<\/h3>\t\t<\/div>\n\t\t\t\t<\/div>\n\t\t\t\t\t\t<\/div>\n\t\t\t\t\t<\/div>\n\t\t<\/div>\n\t\t\t\t\t\t\t\t<\/div>\n\t\t\t\t\t<\/div>\n\t\t<\/section>\n\t\t\t\t<section class=\"elementor-section elementor-top-section elementor-element elementor-element-3fc596a elementor-section-boxed elementor-section-height-default elementor-section-height-default\" data-id=\"3fc596a\" data-element_type=\"section\">\n\t\t\t\t\t\t<div class=\"elementor-container elementor-column-gap-default\">\n\t\t\t\t\t\t\t<div class=\"elementor-row\">\n\t\t\t\t\t<div class=\"elementor-column elementor-col-100 elementor-top-column elementor-element elementor-element-93ad576\" data-id=\"93ad576\" data-element_type=\"column\">\n\t\t\t<div class=\"elementor-column-wrap elementor-element-populated\">\n\t\t\t\t\t\t\t<div class=\"elementor-widget-wrap\">\n\t\t\t\t\t\t<div class=\"elementor-element elementor-element-f95b804 elementor-widget elementor-widget-text-editor\" data-id=\"f95b804\" data-element_type=\"widget\" data-widget_type=\"text-editor.default\">\n\t\t\t\t<div class=\"elementor-widget-container\">\n\t\t\t\t\t\t\t\t<div class=\"elementor-text-editor elementor-clearfix\">\n\t\t\t\t<p>Prague s\u00e9duit par son charme intemporel et son ambiance unique. Cette ville, surnomm\u00e9e &#8220;la ville aux cent clochers&#8221;, est une v\u00e9ritable \u0153uvre d\u2019art \u00e0 ciel ouvert. Voici ses incontournables\u00a0:<\/p><ul><li><strong>Le Ch\u00e2teau de Prague<\/strong> : Dominant la ville, ce complexe historique abrite la cath\u00e9drale Saint-Guy, un joyau de l\u2019architecture gothique.<\/li><li><strong>Mala Strana<\/strong> : Ce quartier pittoresque, travers\u00e9 par des ruelles pav\u00e9es, est id\u00e9al pour une balade romantique.<\/li><li><strong>La Ruelle d\u2019Or<\/strong> : Un lieu mythique charg\u00e9 d\u2019histoires et de l\u00e9gendes.<\/li><li><strong>La Vieille Ville (Star\u00e9 M\u011bsto)<\/strong> : D\u00e9couvrez l&#8217;horloge astronomique m\u00e9di\u00e9vale, la place centrale et ses b\u00e2timents aux fa\u00e7ades color\u00e9es.<\/li><li><strong>Le Pont Charles<\/strong> : Une promenade incontournable offrant des vues spectaculaires sur la Vltava.<\/li><\/ul>\t\t\t\t\t<\/div>\n\t\t\t\t\t\t<\/div>\n\t\t\t\t<\/div>\n\t\t\t\t\t\t<\/div>\n\t\t\t\t\t<\/div>\n\t\t<\/div>\n\t\t\t\t\t\t\t\t<\/div>\n\t\t\t\t\t<\/div>\n\t\t<\/section>\n\t\t\t\t<section class=\"elementor-section elementor-top-section elementor-element elementor-element-7633a7d elementor-section-boxed elementor-section-height-default elementor-section-height-default\" data-id=\"7633a7d\" data-element_type=\"section\">\n\t\t\t\t\t\t<div class=\"elementor-container elementor-column-gap-default\">\n\t\t\t\t\t\t\t<div class=\"elementor-row\">\n\t\t\t\t\t<div class=\"elementor-column elementor-col-100 elementor-top-column elementor-element elementor-element-9fa0562\" data-id=\"9fa0562\" data-element_type=\"column\">\n\t\t\t<div class=\"elementor-column-wrap elementor-element-populated\">\n\t\t\t\t\t\t\t<div class=\"elementor-widget-wrap\">\n\t\t\t\t\t\t<div class=\"elementor-element elementor-element-444de22 elementor-widget elementor-widget-heading\" data-id=\"444de22\" data-element_type=\"widget\" data-widget_type=\"heading.default\">\n\t\t\t\t<div class=\"elementor-widget-container\">\n\t\t\t<h3 class=\"elementor-heading-title elementor-size-default\">Bratislava : L'authenticit\u00e9 en toute simplicit\u00e9<\/h3>\t\t<\/div>\n\t\t\t\t<\/div>\n\t\t\t\t\t\t<\/div>\n\t\t\t\t\t<\/div>\n\t\t<\/div>\n\t\t\t\t\t\t\t\t<\/div>\n\t\t\t\t\t<\/div>\n\t\t<\/section>\n\t\t\t\t<section class=\"elementor-section elementor-top-section elementor-element elementor-element-f5af796 elementor-section-boxed elementor-section-height-default elementor-section-height-default\" data-id=\"f5af796\" data-element_type=\"section\">\n\t\t\t\t\t\t<div class=\"elementor-container elementor-column-gap-default\">\n\t\t\t\t\t\t\t<div class=\"elementor-row\">\n\t\t\t\t\t<div class=\"elementor-column elementor-col-100 elementor-top-column elementor-element elementor-element-ee49a30\" data-id=\"ee49a30\" data-element_type=\"column\">\n\t\t\t<div class=\"elementor-column-wrap elementor-element-populated\">\n\t\t\t\t\t\t\t<div class=\"elementor-widget-wrap\">\n\t\t\t\t\t\t<div class=\"elementor-element elementor-element-2c1ca82 elementor-widget elementor-widget-text-editor\" data-id=\"2c1ca82\" data-element_type=\"widget\" data-widget_type=\"text-editor.default\">\n\t\t\t\t<div class=\"elementor-widget-container\">\n\t\t\t\t\t\t\t\t<div class=\"elementor-text-editor elementor-clearfix\">\n\t\t\t\t<p>Bratislava, souvent m\u00e9connue, charme par son ambiance conviviale et son authenticit\u00e9. C\u2019est une \u00e9tape calme mais captivante, parfaite pour une pause avant de plonger dans l\u2019effervescence des grandes capitales voisines.<\/p><p>Pour bien en profiter lors de votre voyage organis\u00e9, voici nos recommandations\u00a0:<\/p><p>\u00a0<\/p><ul><li><strong>Le Ch\u00e2teau de Bratislava<\/strong> : Situ\u00e9 sur une colline, ce ch\u00e2teau offre une vue panoramique sur le Danube et l\u2019Autriche voisine.<\/li><li><strong>Le Centre Historique<\/strong> : Plongez dans une atmosph\u00e8re m\u00e9di\u00e9vale avec des ruelles \u00e9troites, des places charmantes et des b\u00e2timents baroques.<\/li><\/ul>\t\t\t\t\t<\/div>\n\t\t\t\t\t\t<\/div>\n\t\t\t\t<\/div>\n\t\t\t\t\t\t<\/div>\n\t\t\t\t\t<\/div>\n\t\t<\/div>\n\t\t\t\t\t\t\t\t<\/div>\n\t\t\t\t\t<\/div>\n\t\t<\/section>\n\t\t\t\t<section class=\"elementor-section elementor-top-section elementor-element elementor-element-f503491 elementor-section-boxed elementor-section-height-default elementor-section-height-default\" data-id=\"f503491\" data-element_type=\"section\">\n\t\t\t\t\t\t<div class=\"elementor-container elementor-column-gap-default\">\n\t\t\t\t\t\t\t<div class=\"elementor-row\">\n\t\t\t\t\t<div class=\"elementor-column elementor-col-100 elementor-top-column elementor-element elementor-element-f86cc6a\" data-id=\"f86cc6a\" data-element_type=\"column\">\n\t\t\t<div class=\"elementor-column-wrap elementor-element-populated\">\n\t\t\t\t\t\t\t<div class=\"elementor-widget-wrap\">\n\t\t\t\t\t\t<div class=\"elementor-element elementor-element-2a6e517 elementor-widget elementor-widget-heading\" data-id=\"2a6e517\" data-element_type=\"widget\" data-widget_type=\"heading.default\">\n\t\t\t\t<div class=\"elementor-widget-container\">\n\t\t\t<h3 class=\"elementor-heading-title elementor-size-default\">Budapest : La Perle du Danube<\/h3>\t\t<\/div>\n\t\t\t\t<\/div>\n\t\t\t\t\t\t<\/div>\n\t\t\t\t\t<\/div>\n\t\t<\/div>\n\t\t\t\t\t\t\t\t<\/div>\n\t\t\t\t\t<\/div>\n\t\t<\/section>\n\t\t\t\t<section class=\"elementor-section elementor-top-section elementor-element elementor-element-89c86fb elementor-section-boxed elementor-section-height-default elementor-section-height-default\" data-id=\"89c86fb\" data-element_type=\"section\">\n\t\t\t\t\t\t<div class=\"elementor-container elementor-column-gap-default\">\n\t\t\t\t\t\t\t<div class=\"elementor-row\">\n\t\t\t\t\t<div class=\"elementor-column elementor-col-100 elementor-top-column elementor-element elementor-element-cd19a9d\" data-id=\"cd19a9d\" data-element_type=\"column\">\n\t\t\t<div class=\"elementor-column-wrap elementor-element-populated\">\n\t\t\t\t\t\t\t<div class=\"elementor-widget-wrap\">\n\t\t\t\t\t\t<div class=\"elementor-element elementor-element-63875ff elementor-widget elementor-widget-text-editor\" data-id=\"63875ff\" data-element_type=\"widget\" data-widget_type=\"text-editor.default\">\n\t\t\t\t<div class=\"elementor-widget-container\">\n\t\t\t\t\t\t\t\t<div class=\"elementor-text-editor elementor-clearfix\">\n\t\t\t\t<p>Budapest, avec son m\u00e9lange unique d&#8217;\u00e9l\u00e9gance europ\u00e9enne et d&#8217;influences orientales, vous transporte dans une atmosph\u00e8re envo\u00fbtante. La ville est parfaite pour fl\u00e2ner au bord du Danube ou profiter de la vibrante vie nocturne.<\/p><p>Une fois sur place, ne manquez pas ces \u00ab\u00a0must-see\u00a0\u00bb\u00a0:<\/p><ul><li><strong>Bastion des P\u00eacheurs<\/strong> : Ce site offre une vue imprenable sur le Danube et le Parlement hongrois.<\/li><li><strong>Le Palais Royal<\/strong> : Un monument majestueux charg\u00e9 d\u2019histoire, situ\u00e9 sur la colline de Buda.<\/li><li><strong>Les Bains Thermaux<\/strong> : Profitez d\u2019une exp\u00e9rience de d\u00e9tente dans l\u2019un des c\u00e9l\u00e8bres bains de la ville, comme les thermes de Sz\u00e9chenyi.<\/li><li><strong>Le Parlement<\/strong> : Symbole de Budapest, cet \u00e9difice n\u00e9o-gothique est l\u2019un des plus grands d\u2019Europe.<\/li><li><strong>Le Pont des Cha\u00eenes<\/strong> : Ce pont embl\u00e9matique relie les deux parties de la ville, Buda et Pest.<\/li><\/ul>\t\t\t\t\t<\/div>\n\t\t\t\t\t\t<\/div>\n\t\t\t\t<\/div>\n\t\t\t\t\t\t<\/div>\n\t\t\t\t\t<\/div>\n\t\t<\/div>\n\t\t\t\t\t\t\t\t<\/div>\n\t\t\t\t\t<\/div>\n\t\t<\/section>\n\t\t\t\t<section class=\"elementor-section elementor-top-section elementor-element elementor-element-ae88ee3 elementor-section-boxed elementor-section-height-default elementor-section-height-default\" data-id=\"ae88ee3\" data-element_type=\"section\">\n\t\t\t\t\t\t<div class=\"elementor-container elementor-column-gap-default\">\n\t\t\t\t\t\t\t<div class=\"elementor-row\">\n\t\t\t\t\t<div class=\"elementor-column elementor-col-100 elementor-top-column elementor-element elementor-element-5653013\" data-id=\"5653013\" data-element_type=\"column\">\n\t\t\t<div class=\"elementor-column-wrap elementor-element-populated\">\n\t\t\t\t\t\t\t<div class=\"elementor-widget-wrap\">\n\t\t\t\t\t\t<div class=\"elementor-element elementor-element-dbd9a2a elementor-widget elementor-widget-heading\" data-id=\"dbd9a2a\" data-element_type=\"widget\" data-widget_type=\"heading.default\">\n\t\t\t\t<div class=\"elementor-widget-container\">\n\t\t\t<h3 class=\"elementor-heading-title elementor-size-default\">Vienne : La capitale imp\u00e9riale<\/h3>\t\t<\/div>\n\t\t\t\t<\/div>\n\t\t\t\t\t\t<\/div>\n\t\t\t\t\t<\/div>\n\t\t<\/div>\n\t\t\t\t\t\t\t\t<\/div>\n\t\t\t\t\t<\/div>\n\t\t<\/section>\n\t\t\t\t<section class=\"elementor-section elementor-top-section elementor-element elementor-element-817454d elementor-section-boxed elementor-section-height-default elementor-section-height-default\" data-id=\"817454d\" data-element_type=\"section\">\n\t\t\t\t\t\t<div class=\"elementor-container elementor-column-gap-default\">\n\t\t\t\t\t\t\t<div class=\"elementor-row\">\n\t\t\t\t\t<div class=\"elementor-column elementor-col-100 elementor-top-column elementor-element elementor-element-b9e2ac7\" data-id=\"b9e2ac7\" data-element_type=\"column\">\n\t\t\t<div class=\"elementor-column-wrap elementor-element-populated\">\n\t\t\t\t\t\t\t<div class=\"elementor-widget-wrap\">\n\t\t\t\t\t\t<div class=\"elementor-element elementor-element-d0d25f3 elementor-widget elementor-widget-text-editor\" data-id=\"d0d25f3\" data-element_type=\"widget\" data-widget_type=\"text-editor.default\">\n\t\t\t\t<div class=\"elementor-widget-container\">\n\t\t\t\t\t\t\t\t<div class=\"elementor-text-editor elementor-clearfix\">\n\t\t\t\tVienne, capitale de l\u2019art et de la musique, s\u00e9duit par son raffinement et son \u00e9l\u00e9gance. Chaque coin de rue respire l\u2019histoire et la grandeur de l\u2019empire austro-hongrois.\n\n<strong>Incontournables\u00a0?<\/strong>\n<ul>\n \t<li><strong>Le Palais de Sch\u00f6nbrunn<\/strong> : Ancienne r\u00e9sidence d&#8217;\u00e9t\u00e9 des Habsbourg, ce lieu est un chef-d&#8217;\u0153uvre baroque entour\u00e9 de jardins somptueux.<\/li>\n \t<li><strong>L&#8217;Op\u00e9ra de Vienne<\/strong> : Assistez \u00e0 un spectacle ou visitez ce temple de la musique classique.<\/li>\n \t<li><strong>Le Belv\u00e9d\u00e8re<\/strong> : Un palais baroque qui abrite des \u0153uvres majeures, dont &#8220;Le Baiser&#8221; de Gustav Klimt.<\/li>\n \t<li><strong>La Cath\u00e9drale Saint-\u00c9tienne<\/strong> : Un symbole architectural et spirituel au c\u0153ur de Vienne.<\/li>\n \t<li><strong>Les caf\u00e9s viennois<\/strong> : Go\u00fbtez \u00e0 l\u2019authentique Sachertorte ou au caf\u00e9 viennois dans l\u2019un des salons historiques.<\/li>\n<\/ul>\n<strong>Pourquoi ce circuit est id\u00e9al pour les voyageurs ?<\/strong>\n\nVous h\u00e9sitez encore pour valider cette escapade\u00a0? Voici quelques id\u00e9es pour vous aider \u00e0 vous d\u00e9cider et planifier votre <a href=\"https:\/\/activetravel.com.tn\/voyage-organise\/Details\/Republique-Tcheque\/Europe-Centrale?success_redirect_url=wk%2BhwvZogNduEaKpnmLe2nQ%2BbARS4DaNqDBz4%2B%2BXkeUS45QoI5XHFa90ywG%2B3QikyCdpvS%2Fz%2BcOmdEAvNa3Xwg%3D%3D\">voyage\u00a0organis\u00e9 Europe centrale<\/a> :\n<ul>\n \t<li><strong>Un voyage riche et vari\u00e9<\/strong> : Chaque destination a son identit\u00e9 propre, offrant un m\u00e9lange d\u2019histoire, de culture et de paysages uniques.<\/li>\n \t<li><strong>Une accessibilit\u00e9 facilit\u00e9e<\/strong> : Ces quatre villes sont bien connect\u00e9es entre elles, garantissant un trajet fluide et agr\u00e9able.<\/li>\n \t<li><strong>Des exp\u00e9riences immersives<\/strong> : En plus des visites, vous pourrez d\u00e9couvrir les sp\u00e9cialit\u00e9s culinaires locales, assister \u00e0 des \u00e9v\u00e9nements culturels et interagir avec les habitants.<\/li>\n \t<li><strong>Adapt\u00e9 aux familles et aux groupes<\/strong> : Ce circuit convient parfaitement aux familles ou groupes d\u2019amis, offrant une exp\u00e9rience conviviale et enrichissante.<\/li>\n<\/ul>\t\t\t\t\t<\/div>\n\t\t\t\t\t\t<\/div>\n\t\t\t\t<\/div>\n\t\t\t\t\t\t<\/div>\n\t\t\t\t\t<\/div>\n\t\t<\/div>\n\t\t\t\t\t\t\t\t<\/div>\n\t\t\t\t\t<\/div>\n\t\t<\/section>\n\t\t\t\t<section class=\"elementor-section elementor-top-section elementor-element elementor-element-aa5adeb elementor-section-boxed elementor-section-height-default elementor-section-height-default\" data-id=\"aa5adeb\" data-element_type=\"section\">\n\t\t\t\t\t\t<div class=\"elementor-container elementor-column-gap-default\">\n\t\t\t\t\t\t\t<div class=\"elementor-row\">\n\t\t\t\t\t<div class=\"elementor-column elementor-col-100 elementor-top-column elementor-element elementor-element-8c76afe\" data-id=\"8c76afe\" data-element_type=\"column\">\n\t\t\t<div class=\"elementor-column-wrap elementor-element-populated\">\n\t\t\t\t\t\t\t<div class=\"elementor-widget-wrap\">\n\t\t\t\t\t\t<div class=\"elementor-element elementor-element-1466b75 elementor-widget elementor-widget-heading\" data-id=\"1466b75\" data-element_type=\"widget\" data-widget_type=\"heading.default\">\n\t\t\t\t<div class=\"elementor-widget-container\">\n\t\t\t<h2 class=\"elementor-heading-title elementor-size-default\">Nos conseils pratiques pour ce voyage :<\/h2>\t\t<\/div>\n\t\t\t\t<\/div>\n\t\t\t\t\t\t<\/div>\n\t\t\t\t\t<\/div>\n\t\t<\/div>\n\t\t\t\t\t\t\t\t<\/div>\n\t\t\t\t\t<\/div>\n\t\t<\/section>\n\t\t\t\t<section class=\"elementor-section elementor-top-section elementor-element elementor-element-90077a9 elementor-section-boxed elementor-section-height-default elementor-section-height-default\" data-id=\"90077a9\" data-element_type=\"section\">\n\t\t\t\t\t\t<div class=\"elementor-container elementor-column-gap-default\">\n\t\t\t\t\t\t\t<div class=\"elementor-row\">\n\t\t\t\t\t<div class=\"elementor-column elementor-col-100 elementor-top-column elementor-element elementor-element-2768bfd\" data-id=\"2768bfd\" data-element_type=\"column\">\n\t\t\t<div class=\"elementor-column-wrap elementor-element-populated\">\n\t\t\t\t\t\t\t<div class=\"elementor-widget-wrap\">\n\t\t\t\t\t\t<div class=\"elementor-element elementor-element-72c4f1b elementor-widget elementor-widget-text-editor\" data-id=\"72c4f1b\" data-element_type=\"widget\" data-widget_type=\"text-editor.default\">\n\t\t\t\t<div class=\"elementor-widget-container\">\n\t\t\t\t\t\t\t\t<div class=\"elementor-text-editor elementor-clearfix\">\n\t\t\t\t<ol><li><strong>Pr\u00e9parez-vous \u00e0 marcher<\/strong> : Les centres historiques sont principalement pi\u00e9tonniers. Portez des chaussures confortables.<\/li><li><strong>Profitez de la gastronomie locale<\/strong> : D\u00e9gustez des sp\u00e9cialit\u00e9s comme le goulasch hongrois, le trdeln\u00edk tch\u00e8que ou encore les schnitzels viennois.<\/li><li><strong>Pr\u00e9voyez une tenue adapt\u00e9e<\/strong> : En mai, les temp\u00e9ratures peuvent varier. Emportez des v\u00eatements l\u00e9gers avec un pull ou une veste.<\/li><\/ol>\t\t\t\t\t<\/div>\n\t\t\t\t\t\t<\/div>\n\t\t\t\t<\/div>\n\t\t\t\t\t\t<\/div>\n\t\t\t\t\t<\/div>\n\t\t<\/div>\n\t\t\t\t\t\t\t\t<\/div>\n\t\t\t\t\t<\/div>\n\t\t<\/section>\n\t\t\t\t<section class=\"elementor-section elementor-top-section elementor-element elementor-element-7b3d392 elementor-section-boxed elementor-section-height-default elementor-section-height-default\" data-id=\"7b3d392\" data-element_type=\"section\">\n\t\t\t\t\t\t<div class=\"elementor-container elementor-column-gap-default\">\n\t\t\t\t\t\t\t<div class=\"elementor-row\">\n\t\t\t\t\t<div class=\"elementor-column elementor-col-100 elementor-top-column elementor-element elementor-element-94af353\" data-id=\"94af353\" data-element_type=\"column\">\n\t\t\t<div class=\"elementor-column-wrap elementor-element-populated\">\n\t\t\t\t\t\t\t<div class=\"elementor-widget-wrap\">\n\t\t\t\t\t\t<div class=\"elementor-element elementor-element-0e88aec elementor-widget elementor-widget-heading\" data-id=\"0e88aec\" data-element_type=\"widget\" data-widget_type=\"heading.default\">\n\t\t\t\t<div class=\"elementor-widget-container\">\n\t\t\t<h2 class=\"elementor-heading-title elementor-size-default\">Conclusion<\/h2>\t\t<\/div>\n\t\t\t\t<\/div>\n\t\t\t\t\t\t<\/div>\n\t\t\t\t\t<\/div>\n\t\t<\/div>\n\t\t\t\t\t\t\t\t<\/div>\n\t\t\t\t\t<\/div>\n\t\t<\/section>\n\t\t\t\t<section class=\"elementor-section elementor-top-section elementor-element elementor-element-cbfdc2c elementor-section-boxed elementor-section-height-default elementor-section-height-default\" data-id=\"cbfdc2c\" data-element_type=\"section\">\n\t\t\t\t\t\t<div class=\"elementor-container elementor-column-gap-default\">\n\t\t\t\t\t\t\t<div class=\"elementor-row\">\n\t\t\t\t\t<div class=\"elementor-column elementor-col-100 elementor-top-column elementor-element elementor-element-2870873\" data-id=\"2870873\" data-element_type=\"column\">\n\t\t\t<div class=\"elementor-column-wrap elementor-element-populated\">\n\t\t\t\t\t\t\t<div class=\"elementor-widget-wrap\">\n\t\t\t\t\t\t<div class=\"elementor-element elementor-element-57b4897 elementor-widget elementor-widget-text-editor\" data-id=\"57b4897\" data-element_type=\"widget\" data-widget_type=\"text-editor.default\">\n\t\t\t\t<div class=\"elementor-widget-container\">\n\t\t\t\t\t\t\t\t<div class=\"elementor-text-editor elementor-clearfix\">\n\t\t\t\t<p>Un circuit en Europe Centrale entre <strong>Prague<\/strong>, <strong>Bratislava<\/strong>, <strong>Budapest<\/strong> et <strong>Vienne<\/strong> est une exp\u00e9rience unique pour d\u00e9couvrir le c\u0153ur historique et culturel de l\u2019Europe.<\/p><p>En mai, ces destinations brillent par leur beaut\u00e9 et leur douceur printani\u00e8re, offrant des moments inoubliables pour tous les voyageurs.<\/p><p>Laissez-vous s\u00e9duire par cette aventure o\u00f9 chaque \u00e9tape est une porte ouverte sur un univers fascinant. Pr\u00e9parez-vous \u00e0 tomber amoureux de l\u2019Europe Centrale et \u00e0 cr\u00e9er des souvenirs qui dureront toute une vie.<\/p>\t\t\t\t\t<\/div>\n\t\t\t\t\t\t<\/div>\n\t\t\t\t<\/div>\n\t\t\t\t\t\t<\/div>\n\t\t\t\t\t<\/div>\n\t\t<\/div>\n\t\t\t\t\t\t\t\t<\/div>\n\t\t\t\t\t<\/div>\n\t\t<\/section>\n\t\t\t\t\t\t\t\t\t<\/div>\n\t\t\t<\/div>\n\t\t\t\t\t<\/div>\n\t\t","protected":false},"excerpt":{"rendered":"<p>D\u00e9couvrez l&#8217;Europe Centrale en mai, une p\u00e9riode id\u00e9ale pour explorer les tr\u00e9sors culturels et architecturaux de quatre villes embl\u00e9matiques : Prague, Bratislava, Budapest et Vienne. Ce circuit vous transporte dans un univers empreint d\u2019histoire, de beaut\u00e9 naturelle et d\u2019exp\u00e9riences culinaires inoubliables. Que vous soyez passionn\u00e9 de monuments historiques, amateur de gastronomie ou en qu\u00eate de [&hellip;]<\/p>\n","protected":false},"author":4,"featured_media":5090,"comment_status":"open","ping_status":"open","sticky":false,"template":"","format":"standard","meta":{"_jetpack_memberships_contains_paid_content":false,"footnotes":""},"categories":[65,62,24,60],"tags":[],"class_list":["post-5073","post","type-post","status-publish","format-standard","has-post-thumbnail","hentry","category-guide-voyage","category-on-a-voyage-pour-vous","category-travel","category-voyage"],"yoast_head":"<!-- This site is optimized with the Yoast SEO plugin v21.1 - https:\/\/yoast.com\/wordpress\/plugins\/seo\/ -->\n<title>Vivez la magie de l\u2019Europe Centrale Prague, Bratislava, Budapest et Vienne - Blog activetravel<\/title>\n<meta name=\"robots\" content=\"index, follow, max-snippet:-1, max-image-preview:large, max-video-preview:-1\" \/>\n<link rel=\"canonical\" href=\"https:\/\/blog.activetravel.com.tn\/index.php\/2025\/01\/13\/vivez-la-magie-de-leurope-centrale-prague-bratislava-budapest-et-vienne\/\" \/>\n<meta property=\"og:locale\" content=\"fr_FR\" \/>\n<meta property=\"og:type\" content=\"article\" \/>\n<meta property=\"og:title\" content=\"Vivez la magie de l\u2019Europe Centrale Prague, Bratislava, Budapest et Vienne - Blog activetravel\" \/>\n<meta property=\"og:description\" content=\"D\u00e9couvrez l&#8217;Europe Centrale en mai, une p\u00e9riode id\u00e9ale pour explorer les tr\u00e9sors culturels et architecturaux de quatre villes embl\u00e9matiques : Prague, Bratislava, Budapest et Vienne. Ce circuit vous transporte dans un univers empreint d\u2019histoire, de beaut\u00e9 naturelle et d\u2019exp\u00e9riences culinaires inoubliables. Que vous soyez passionn\u00e9 de monuments historiques, amateur de gastronomie ou en qu\u00eate de [&hellip;]\" \/>\n<meta property=\"og:url\" content=\"https:\/\/blog.activetravel.com.tn\/index.php\/2025\/01\/13\/vivez-la-magie-de-leurope-centrale-prague-bratislava-budapest-et-vienne\/\" \/>\n<meta property=\"og:site_name\" content=\"Blog activetravel\" \/>\n<meta property=\"article:published_time\" content=\"2025-01-13T13:35:06+00:00\" \/>\n<meta property=\"article:modified_time\" content=\"2025-01-13T14:01:55+00:00\" \/>\n<meta property=\"og:image\" content=\"https:\/\/blog.activetravel.com.tn\/wp-content\/uploads\/2025\/01\/europe-centrale-prague-1.jpg\" \/>\n\t<meta property=\"og:image:width\" content=\"900\" \/>\n\t<meta property=\"og:image:height\" content=\"600\" \/>\n\t<meta property=\"og:image:type\" content=\"image\/jpeg\" \/>\n<meta name=\"author\" content=\"user-activetravel\" \/>\n<meta name=\"twitter:card\" content=\"summary_large_image\" \/>\n<meta name=\"twitter:label1\" content=\"\u00c9crit par\" \/>\n\t<meta name=\"twitter:data1\" content=\"user-activetravel\" \/>\n\t<meta name=\"twitter:label2\" content=\"Dur\u00e9e de lecture estim\u00e9e\" \/>\n\t<meta name=\"twitter:data2\" content=\"6 minutes\" \/>\n<script type=\"application\/ld+json\" class=\"yoast-schema-graph\">{\"@context\":\"https:\/\/schema.org\",\"@graph\":[{\"@type\":\"WebPage\",\"@id\":\"https:\/\/blog.activetravel.com.tn\/index.php\/2025\/01\/13\/vivez-la-magie-de-leurope-centrale-prague-bratislava-budapest-et-vienne\/\",\"url\":\"https:\/\/blog.activetravel.com.tn\/index.php\/2025\/01\/13\/vivez-la-magie-de-leurope-centrale-prague-bratislava-budapest-et-vienne\/\",\"name\":\"Vivez la magie de l\u2019Europe Centrale Prague, Bratislava, Budapest et Vienne - Blog activetravel\",\"isPartOf\":{\"@id\":\"https:\/\/blog.activetravel.com.tn\/#website\"},\"datePublished\":\"2025-01-13T13:35:06+00:00\",\"dateModified\":\"2025-01-13T14:01:55+00:00\",\"author\":{\"@id\":\"https:\/\/blog.activetravel.com.tn\/#\/schema\/person\/efed5c7d1e7a3d6a9f27c0064001a4ab\"},\"breadcrumb\":{\"@id\":\"https:\/\/blog.activetravel.com.tn\/index.php\/2025\/01\/13\/vivez-la-magie-de-leurope-centrale-prague-bratislava-budapest-et-vienne\/#breadcrumb\"},\"inLanguage\":\"fr-FR\",\"potentialAction\":[{\"@type\":\"ReadAction\",\"target\":[\"https:\/\/blog.activetravel.com.tn\/index.php\/2025\/01\/13\/vivez-la-magie-de-leurope-centrale-prague-bratislava-budapest-et-vienne\/\"]}]},{\"@type\":\"BreadcrumbList\",\"@id\":\"https:\/\/blog.activetravel.com.tn\/index.php\/2025\/01\/13\/vivez-la-magie-de-leurope-centrale-prague-bratislava-budapest-et-vienne\/#breadcrumb\",\"itemListElement\":[{\"@type\":\"ListItem\",\"position\":1,\"name\":\"Accueil\",\"item\":\"https:\/\/blog.activetravel.com.tn\/\"},{\"@type\":\"ListItem\",\"position\":2,\"name\":\"Vivez la magie de l\u2019Europe Centrale Prague, Bratislava, Budapest et Vienne\"}]},{\"@type\":\"WebSite\",\"@id\":\"https:\/\/blog.activetravel.com.tn\/#website\",\"url\":\"https:\/\/blog.activetravel.com.tn\/\",\"name\":\"Blog activetravel\",\"description\":\"Agence de voyage Tunisie : R\u00e9servation h\u00f4tels chez Active Travel, la meilleure agence de voyages Tunisie.\",\"potentialAction\":[{\"@type\":\"SearchAction\",\"target\":{\"@type\":\"EntryPoint\",\"urlTemplate\":\"https:\/\/blog.activetravel.com.tn\/?s={search_term_string}\"},\"query-input\":\"required name=search_term_string\"}],\"inLanguage\":\"fr-FR\"},{\"@type\":\"Person\",\"@id\":\"https:\/\/blog.activetravel.com.tn\/#\/schema\/person\/efed5c7d1e7a3d6a9f27c0064001a4ab\",\"name\":\"user-activetravel\",\"image\":{\"@type\":\"ImageObject\",\"inLanguage\":\"fr-FR\",\"@id\":\"https:\/\/blog.activetravel.com.tn\/#\/schema\/person\/image\/\",\"url\":\"https:\/\/secure.gravatar.com\/avatar\/d4ee43dc1dac7aa76aa54a064263112143b452b30faa743c9e6b972f4d6be826?s=96&d=mm&r=g\",\"contentUrl\":\"https:\/\/secure.gravatar.com\/avatar\/d4ee43dc1dac7aa76aa54a064263112143b452b30faa743c9e6b972f4d6be826?s=96&d=mm&r=g\",\"caption\":\"user-activetravel\"},\"url\":\"https:\/\/blog.activetravel.com.tn\/index.php\/author\/user-activetravel\/\"}]}<\/script>\n<!-- \/ Yoast SEO plugin. -->","yoast_head_json":{"title":"Vivez la magie de l\u2019Europe Centrale Prague, Bratislava, Budapest et Vienne - Blog activetravel","robots":{"index":"index","follow":"follow","max-snippet":"max-snippet:-1","max-image-preview":"max-image-preview:large","max-video-preview":"max-video-preview:-1"},"canonical":"https:\/\/blog.activetravel.com.tn\/index.php\/2025\/01\/13\/vivez-la-magie-de-leurope-centrale-prague-bratislava-budapest-et-vienne\/","og_locale":"fr_FR","og_type":"article","og_title":"Vivez la magie de l\u2019Europe Centrale Prague, Bratislava, Budapest et Vienne - Blog activetravel","og_description":"D\u00e9couvrez l&#8217;Europe Centrale en mai, une p\u00e9riode id\u00e9ale pour explorer les tr\u00e9sors culturels et architecturaux de quatre villes embl\u00e9matiques : Prague, Bratislava, Budapest et Vienne. Ce circuit vous transporte dans un univers empreint d\u2019histoire, de beaut\u00e9 naturelle et d\u2019exp\u00e9riences culinaires inoubliables. Que vous soyez passionn\u00e9 de monuments historiques, amateur de gastronomie ou en qu\u00eate de [&hellip;]","og_url":"https:\/\/blog.activetravel.com.tn\/index.php\/2025\/01\/13\/vivez-la-magie-de-leurope-centrale-prague-bratislava-budapest-et-vienne\/","og_site_name":"Blog activetravel","article_published_time":"2025-01-13T13:35:06+00:00","article_modified_time":"2025-01-13T14:01:55+00:00","og_image":[{"width":900,"height":600,"url":"https:\/\/blog.activetravel.com.tn\/wp-content\/uploads\/2025\/01\/europe-centrale-prague-1.jpg","type":"image\/jpeg"}],"author":"user-activetravel","twitter_card":"summary_large_image","twitter_misc":{"\u00c9crit par":"user-activetravel","Dur\u00e9e de lecture estim\u00e9e":"6 minutes"},"schema":{"@context":"https:\/\/schema.org","@graph":[{"@type":"WebPage","@id":"https:\/\/blog.activetravel.com.tn\/index.php\/2025\/01\/13\/vivez-la-magie-de-leurope-centrale-prague-bratislava-budapest-et-vienne\/","url":"https:\/\/blog.activetravel.com.tn\/index.php\/2025\/01\/13\/vivez-la-magie-de-leurope-centrale-prague-bratislava-budapest-et-vienne\/","name":"Vivez la magie de l\u2019Europe Centrale Prague, Bratislava, Budapest et Vienne - Blog activetravel","isPartOf":{"@id":"https:\/\/blog.activetravel.com.tn\/#website"},"datePublished":"2025-01-13T13:35:06+00:00","dateModified":"2025-01-13T14:01:55+00:00","author":{"@id":"https:\/\/blog.activetravel.com.tn\/#\/schema\/person\/efed5c7d1e7a3d6a9f27c0064001a4ab"},"breadcrumb":{"@id":"https:\/\/blog.activetravel.com.tn\/index.php\/2025\/01\/13\/vivez-la-magie-de-leurope-centrale-prague-bratislava-budapest-et-vienne\/#breadcrumb"},"inLanguage":"fr-FR","potentialAction":[{"@type":"ReadAction","target":["https:\/\/blog.activetravel.com.tn\/index.php\/2025\/01\/13\/vivez-la-magie-de-leurope-centrale-prague-bratislava-budapest-et-vienne\/"]}]},{"@type":"BreadcrumbList","@id":"https:\/\/blog.activetravel.com.tn\/index.php\/2025\/01\/13\/vivez-la-magie-de-leurope-centrale-prague-bratislava-budapest-et-vienne\/#breadcrumb","itemListElement":[{"@type":"ListItem","position":1,"name":"Accueil","item":"https:\/\/blog.activetravel.com.tn\/"},{"@type":"ListItem","position":2,"name":"Vivez la magie de l\u2019Europe Centrale Prague, Bratislava, Budapest et Vienne"}]},{"@type":"WebSite","@id":"https:\/\/blog.activetravel.com.tn\/#website","url":"https:\/\/blog.activetravel.com.tn\/","name":"Blog activetravel","description":"Agence de voyage Tunisie : R\u00e9servation h\u00f4tels chez Active Travel, la meilleure agence de voyages Tunisie.","potentialAction":[{"@type":"SearchAction","target":{"@type":"EntryPoint","urlTemplate":"https:\/\/blog.activetravel.com.tn\/?s={search_term_string}"},"query-input":"required name=search_term_string"}],"inLanguage":"fr-FR"},{"@type":"Person","@id":"https:\/\/blog.activetravel.com.tn\/#\/schema\/person\/efed5c7d1e7a3d6a9f27c0064001a4ab","name":"user-activetravel","image":{"@type":"ImageObject","inLanguage":"fr-FR","@id":"https:\/\/blog.activetravel.com.tn\/#\/schema\/person\/image\/","url":"https:\/\/secure.gravatar.com\/avatar\/d4ee43dc1dac7aa76aa54a064263112143b452b30faa743c9e6b972f4d6be826?s=96&d=mm&r=g","contentUrl":"https:\/\/secure.gravatar.com\/avatar\/d4ee43dc1dac7aa76aa54a064263112143b452b30faa743c9e6b972f4d6be826?s=96&d=mm&r=g","caption":"user-activetravel"},"url":"https:\/\/blog.activetravel.com.tn\/index.php\/author\/user-activetravel\/"}]}},"jetpack_featured_media_url":"https:\/\/blog.activetravel.com.tn\/wp-content\/uploads\/2025\/01\/europe-centrale-prague-1.jpg","jetpack_sharing_enabled":true,"_links":{"self":[{"href":"https:\/\/blog.activetravel.com.tn\/index.php\/wp-json\/wp\/v2\/posts\/5073","targetHints":{"allow":["GET"]}}],"collection":[{"href":"https:\/\/blog.activetravel.com.tn\/index.php\/wp-json\/wp\/v2\/posts"}],"about":[{"href":"https:\/\/blog.activetravel.com.tn\/index.php\/wp-json\/wp\/v2\/types\/post"}],"author":[{"embeddable":true,"href":"https:\/\/blog.activetravel.com.tn\/index.php\/wp-json\/wp\/v2\/users\/4"}],"replies":[{"embeddable":true,"href":"https:\/\/blog.activetravel.com.tn\/index.php\/wp-json\/wp\/v2\/comments?post=5073"}],"version-history":[{"count":13,"href":"https:\/\/blog.activetravel.com.tn\/index.php\/wp-json\/wp\/v2\/posts\/5073\/revisions"}],"predecessor-version":[{"id":5096,"href":"https:\/\/blog.activetravel.com.tn\/index.php\/wp-json\/wp\/v2\/posts\/5073\/revisions\/5096"}],"wp:featuredmedia":[{"embeddable":true,"href":"https:\/\/blog.activetravel.com.tn\/index.php\/wp-json\/wp\/v2\/media\/5090"}],"wp:attachment":[{"href":"https:\/\/blog.activetravel.com.tn\/index.php\/wp-json\/wp\/v2\/media?parent=5073"}],"wp:term":[{"taxonomy":"category","embeddable":true,"href":"https:\/\/blog.activetravel.com.tn\/index.php\/wp-json\/wp\/v2\/categories?post=5073"},{"taxonomy":"post_tag","embeddable":true,"href":"https:\/\/blog.activetravel.com.tn\/index.php\/wp-json\/wp\/v2\/tags?post=5073"}],"curies":[{"name":"wp","href":"https:\/\/api.w.org\/{rel}","templated":true}]}}